{"id":28373,"date":"2020-04-07T12:06:55","date_gmt":"2020-04-07T15:06:55","guid":{"rendered":"http:\/\/www.sincomam.org.br\/?p=28373"},"modified":"2020-04-07T12:06:55","modified_gmt":"2020-04-07T15:06:55","slug":"coronavoucher-auxilio-de-r-600-ja-tem-datas-para-ser-pago","status":"publish","type":"post","link":"https:\/\/www.sincomam.org.br\/index.php\/coronavoucher-auxilio-de-r-600-ja-tem-datas-para-ser-pago\/","title":{"rendered":"Coronavoucher: Aux\u00edlio de R$ 600 j\u00e1 tem datas para ser pago"},"content":{"rendered":"<p><strong><em>Governo anunciou nesta ter\u00e7a-feira (7) aplicativo da Caixa para cadastramento de beneficiados<\/em><\/strong><\/p>\n<p>O governo anunciou nesta ter\u00e7a-feira (7) que j\u00e1 est\u00e1 dispon\u00edvel nas lojas para Android e iOS o aplicativo para cadastramento daqueles que receber\u00e3o o aux\u00edlio emergencial de R$ 600, criado para minimizar a crise causada pela pandemia do novo coronav\u00edrus (Sars-Cov-2), que s\u00e3o informais, MEI e contribuintes informais do Instituto Nacional do Seguro Social (INSS). Onyx Lorenzoni, ministro da Cidadania, diz que a inten\u00e7\u00e3o \u00e9 conseguir liberar os recursos em 4 ou 5 dias. Em duas horas, 6 milh\u00f5es de pessoas j\u00e1 fizeram o cadastro, segundo dados apresentados na coletiva desta manh\u00e3.<\/p>\n<p>Al\u00e9m do aplicativo, a Caixa tamb\u00e9m permite inscri\u00e7\u00f5es de candidatos a receber o benef\u00edcio pelo <a href=\"http:\/\/www.caixa.gov.br\/auxilio\/Paginas\/default2.aspx\"><strong>seu site<\/strong><\/a> e uma central telef\u00f4nica, cujo n\u00famero para cadastramento \u00e9 o 111. Cada CPF s\u00f3 poder\u00e1 ter um benef\u00edcio, e n\u00e3o h\u00e1 possibilidade de receber o benef\u00edcio com CPF cancelado.<\/p>\n<p>Quem tinha registro no Cad\u00danico at\u00e9 20 de mar\u00e7o deste ano ou j\u00e1 recebe Bolsa Fam\u00edlia n\u00e3o precisa fazer novo cadastro. Hoje, o n\u00famero de inscritos no Cadastro \u00fanico \u00e9 de 75 milh\u00f5es de pessoas; no Bolsa Fam\u00edlia, h\u00e1 dados de 43,6 milh\u00f5es, sendo 31,4 milh\u00f5es que est\u00e3o no cadastro e n\u00e3o no programa de transfer\u00eancia de renda. J\u00e1 foram identificadas, segundo o governo, mais de 10 milh\u00f5es de pessoas que est\u00e3o eleg\u00edveis a receber o benef\u00edcio emergencial, que pode chegar a R$ 1.200 por fam\u00edlia (dois benef\u00edcios de R$ 600).<\/p>\n<p>As duas primeiras levas do benef\u00edcio ser\u00e3o pagas em abril, sendo a primeira realizada at\u00e9 o dia 14 de abril e a segunda parcela entre os dias 27, 28, 29 e 30 deste m\u00eas. A data exata do pagamento depende da data de anivers\u00e1rio do benefici\u00e1rio: quem nasceu em janeiro, fevereiro e mar\u00e7o recebe antes, no dia 27, e assim por diante, at\u00e9 todos receberem ao final do m\u00eas.<\/p>\n<p>As datas valem tanto para os novos inscritos no aux\u00edlio emergencial quanto para os que j\u00e1 tinham registro no Cad\u00danico. A princ\u00edpio, os pagamentos para benefici\u00e1rios do Bolsa Fam\u00edlia n\u00e3o mudar\u00e3o de data.<\/p>\n<p>A terceira parcela vai ser paga nos dias 26, 27, 28 e 29 de maio. Segundo o governo, nos pr\u00f3ximos 45 dias ser\u00e3o liberados cerca de R$ 98 bilh\u00f5es entre as tr\u00eas libera\u00e7\u00f5es.<\/p>\n<p><strong>Como ser\u00e3o feitos os pagamentos?<\/strong><\/p>\n<p>Os pagamentos do aux\u00edlio j\u00e1 come\u00e7am nesta quinta-feira (9). Para receber na primeira data, \u00e9 preciso ter conta no Banco do Brasil ou conta poupan\u00e7a na Caixa e enviar os dados at\u00e9 o final desta ter\u00e7a (7). A partir do dia 14 come\u00e7a o pagamento para os demais.<\/p>\n<p>Para quem tem conta em outros bancos, a Caixa far\u00e1 os dep\u00f3sitos sem nenhum tipo de cobran\u00e7a. Se tem um d\u00e9bito na conta, o dinheiro est\u00e1 protegido e n\u00e3o ser\u00e1 descontado, garante o governo. Mesmo que o benefici\u00e1rio n\u00e3o entre no cadastro de imediato, o valor ser\u00e1 pago integralmente.<\/p>\n<p>Fonte: IG\/Economia<\/p>\n","protected":false},"excerpt":{"rendered":"<p>Governo anunciou nesta ter\u00e7a-feira (7) aplicativo da Caixa para cadastramento de beneficiados O governo anunciou nesta ter\u00e7a-feira (7) que j\u00e1 est\u00e1 dispon\u00edvel nas lojas para&#8230;<\/p>\n","protected":false},"author":1182,"featured_media":17827,"comment_status":"closed","ping_status":"closed","sticky":false,"template":"","format":"standard","meta":{"footnotes":""},"categories":[6],"tags":[617,1757,1588,390,2781,2782,660,204],"class_list":["post-28373","post","type-post","status-publish","format-standard","has-post-thumbnail","hentry","category-noticias","tag-aplicativo","tag-auxilio","tag-cadastro","tag-caixa","tag-coronavoucher","tag-datas","tag-emergencia","tag-pagamento"],"_links":{"self":[{"href":"https:\/\/www.sincomam.org.br\/index.php\/wp-json\/wp\/v2\/posts\/28373","targetHints":{"allow":["GET"]}}],"collection":[{"href":"https:\/\/www.sincomam.org.br\/index.php\/wp-json\/wp\/v2\/posts"}],"about":[{"href":"https:\/\/www.sincomam.org.br\/index.php\/wp-json\/wp\/v2\/types\/post"}],"author":[{"embeddable":true,"href":"https:\/\/www.sincomam.org.br\/index.php\/wp-json\/wp\/v2\/users\/1182"}],"replies":[{"embeddable":true,"href":"https:\/\/www.sincomam.org.br\/index.php\/wp-json\/wp\/v2\/comments?post=28373"}],"version-history":[{"count":1,"href":"https:\/\/www.sincomam.org.br\/index.php\/wp-json\/wp\/v2\/posts\/28373\/revisions"}],"predecessor-version":[{"id":28374,"href":"https:\/\/www.sincomam.org.br\/index.php\/wp-json\/wp\/v2\/posts\/28373\/revisions\/28374"}],"wp:featuredmedia":[{"embeddable":true,"href":"https:\/\/www.sincomam.org.br\/index.php\/wp-json\/wp\/v2\/media\/17827"}],"wp:attachment":[{"href":"https:\/\/www.sincomam.org.br\/index.php\/wp-json\/wp\/v2\/media?parent=28373"}],"wp:term":[{"taxonomy":"category","embeddable":true,"href":"https:\/\/www.sincomam.org.br\/index.php\/wp-json\/wp\/v2\/categories?post=28373"},{"taxonomy":"post_tag","embeddable":true,"href":"https:\/\/www.sincomam.org.br\/index.php\/wp-json\/wp\/v2\/tags?post=28373"}],"curies":[{"name":"wp","href":"https:\/\/api.w.org\/{rel}","templated":true}]}}