{"id":28360,"date":"2020-04-06T11:44:25","date_gmt":"2020-04-06T14:44:25","guid":{"rendered":"http:\/\/www.sincomam.org.br\/?p=28360"},"modified":"2020-04-06T12:48:43","modified_gmt":"2020-04-06T15:48:43","slug":"brasil-registra-11-130-casos-e-486-mortes-por-coronavirus","status":"publish","type":"post","link":"https:\/\/www.sincomam.org.br\/index.php\/brasil-registra-11-130-casos-e-486-mortes-por-coronavirus\/","title":{"rendered":"Brasil registra 11.130 casos e 486 mortes por coronav\u00edrus"},"content":{"rendered":"<p><strong><em>Atualiza\u00e7\u00e3o foi feita pelo Minist\u00e9rio da Sa\u00fade e registra um aumento de 8% no n\u00famero de casos nas \u00faltimas 24h<\/em><\/strong><\/p>\n<p>O Minist\u00e9rio da Sa\u00fade atualizou, na tarde deste domingo 05, os n\u00fameros da epidemia de coronav\u00edrus no Pa\u00eds: j\u00e1 s\u00e3o 11.130 casos confirmados e 486 mortes registradas pela Covid-19, o que representa uma letalidade de 4,4% at\u00e9 o momento \u2013 a oitava maior do mundo. Cerca de 60% das infec\u00e7\u00f5es acontecem na Regi\u00e3o Sudeste, especialmente em S\u00e3o Paulo, que figura no topo da lista com 4.620 infectados e 275 \u00f3bitos. Em seguida, aparece o Rio de Janeiro, com 1.394 casos e 64 mortes. O Cear\u00e1 vem em terceiro lugar, com 823 casos e 26 mortes. Os n\u00fameros foram atualizados at\u00e9 \u00e0s 14h.<\/p>\n<p>Em compara\u00e7\u00e3o aos dados do s\u00e1bado, s\u00e3o mais 852 casos confirmados e 54 mortes. At\u00e9 o momento, os estados do Tocantins e do Acre n\u00e3o apresentaram nenhum \u00f3bito em decorr\u00eancia da Covid-19. O Minist\u00e9rio tamb\u00e9m divulgou que 83% das v\u00edtimas fatais eram maiores de 60 anos. Entre eles, 79% apresentava ao menos um fator de risco, sendo a cardiopatia a condi\u00e7\u00e3o mais comum entre eles. Outras 21% das v\u00edtimas n\u00e3o apresentavam comorbidades, e, destes, 25 tinham menos de 60 anos.<\/p>\n<p>Fonte: Carta Capital \/ Foto: Fotos P\u00fablicas &#8211; Tchelo Figueredo<\/p>\n","protected":false},"excerpt":{"rendered":"<p>Atualiza\u00e7\u00e3o foi feita pelo Minist\u00e9rio da Sa\u00fade e registra um aumento de 8% no n\u00famero de casos nas \u00faltimas 24h O Minist\u00e9rio da Sa\u00fade atualizou,&#8230;<\/p>\n","protected":false},"author":1182,"featured_media":28361,"comment_status":"closed","ping_status":"closed","sticky":false,"template":"","format":"standard","meta":{"footnotes":""},"categories":[6],"tags":[61,2752,2751,623,2779],"class_list":["post-28360","post","type-post","status-publish","format-standard","has-post-thumbnail","hentry","category-noticias","tag-brasil","tag-coronavirus","tag-covid-19","tag-mortos","tag-suspeitos"],"_links":{"self":[{"href":"https:\/\/www.sincomam.org.br\/index.php\/wp-json\/wp\/v2\/posts\/28360","targetHints":{"allow":["GET"]}}],"collection":[{"href":"https:\/\/www.sincomam.org.br\/index.php\/wp-json\/wp\/v2\/posts"}],"about":[{"href":"https:\/\/www.sincomam.org.br\/index.php\/wp-json\/wp\/v2\/types\/post"}],"author":[{"embeddable":true,"href":"https:\/\/www.sincomam.org.br\/index.php\/wp-json\/wp\/v2\/users\/1182"}],"replies":[{"embeddable":true,"href":"https:\/\/www.sincomam.org.br\/index.php\/wp-json\/wp\/v2\/comments?post=28360"}],"version-history":[{"count":3,"href":"https:\/\/www.sincomam.org.br\/index.php\/wp-json\/wp\/v2\/posts\/28360\/revisions"}],"predecessor-version":[{"id":28364,"href":"https:\/\/www.sincomam.org.br\/index.php\/wp-json\/wp\/v2\/posts\/28360\/revisions\/28364"}],"wp:featuredmedia":[{"embeddable":true,"href":"https:\/\/www.sincomam.org.br\/index.php\/wp-json\/wp\/v2\/media\/28361"}],"wp:attachment":[{"href":"https:\/\/www.sincomam.org.br\/index.php\/wp-json\/wp\/v2\/media?parent=28360"}],"wp:term":[{"taxonomy":"category","embeddable":true,"href":"https:\/\/www.sincomam.org.br\/index.php\/wp-json\/wp\/v2\/categories?post=28360"},{"taxonomy":"post_tag","embeddable":true,"href":"https:\/\/www.sincomam.org.br\/index.php\/wp-json\/wp\/v2\/tags?post=28360"}],"curies":[{"name":"wp","href":"https:\/\/api.w.org\/{rel}","templated":true}]}}