{"id":28354,"date":"2020-04-06T11:06:40","date_gmt":"2020-04-06T14:06:40","guid":{"rendered":"http:\/\/www.sincomam.org.br\/?p=28354"},"modified":"2020-04-06T11:06:40","modified_gmt":"2020-04-06T14:06:40","slug":"empresas-e-sindicatos-tentam-encontrar-saidas-para-evitar-demissoes-em-massa","status":"publish","type":"post","link":"https:\/\/www.sincomam.org.br\/index.php\/empresas-e-sindicatos-tentam-encontrar-saidas-para-evitar-demissoes-em-massa\/","title":{"rendered":"Empresas e sindicatos tentam encontrar sa\u00eddas para evitar demiss\u00f5es em massa"},"content":{"rendered":"<p><strong><em>Crise provocada pela pandemia afeta a atividade econ\u00f4mica dos mais variados setores<\/em><\/strong><\/p>\n<p>Em meio \u00e0 crise econ\u00f4mica provocada pelo coronav\u00edrus, empresas e sindicatos tentam encontrar sa\u00eddas para espantar o fantasma de demiss\u00f5es em massa no Rio Grande do Sul. Nos \u00faltimos dias, entidades patronais e representantes dos trabalhadores costuraram acordos para evitar a perda de empregos.<\/p>\n<p>Os acertos incluem a possibilidade de redu\u00e7\u00e3o salarial durante a pandemia. Al\u00e9m disso, algumas companhias de grande porte, mesmo sem abrirem negocia\u00e7\u00f5es at\u00e9 o momento, prometem manter seus atuais quadros de funcion\u00e1rios.<\/p>\n<p>O governo Jair Bolsonaro anunciou medida provis\u00f3ria (MP) que permite a redu\u00e7\u00e3o de jornada e sal\u00e1rios durante a crise ou at\u00e9 a suspens\u00e3o tempor\u00e1ria de contratos. Em parte dos casos, h\u00e1 possibilidade de negocia\u00e7\u00e3o direta entre empregadores e funcion\u00e1rios. No texto, o governo se compromete a cobrir parte da renda perdida pelos trabalhadores, usando parcela do seguro-desemprego. O Minist\u00e9rio da Economia estima custo de R$ 51 bilh\u00f5es \u00e0 Uni\u00e3o.<\/p>\n<p>Com o isolamento social causado pelo coronav\u00edrus, grandes companhias ga\u00fachas como a Marcopolo, de Caxias do Sul, deram f\u00e9rias coletivas para os funcion\u00e1rios. Em entrevista a Ga\u00fachaZH na quarta-feira, o CEO da montadora de \u00f4nibus, James Bellini, descartou demiss\u00f5es neste momento. Segundo ele, uma das possibilidades em an\u00e1lise \u00e9 a busca por acordos com sindicatos para evitar cortes.<\/p>\n<p>Fonte: com informa\u00e7\u00f5es Ga\u00fachaZH \/Economia<\/p>\n","protected":false},"excerpt":{"rendered":"<p>Crise provocada pela pandemia afeta a atividade econ\u00f4mica dos mais variados setores Em meio \u00e0 crise econ\u00f4mica provocada pelo coronav\u00edrus, empresas e sindicatos tentam encontrar&#8230;<\/p>\n","protected":false},"author":1182,"featured_media":17971,"comment_status":"closed","ping_status":"closed","sticky":false,"template":"","format":"standard","meta":{"footnotes":""},"categories":[6],"tags":[2752,1788,1467,65,204,459],"class_list":["post-28354","post","type-post","status-publish","format-standard","has-post-thumbnail","hentry","category-noticias","tag-coronavirus","tag-crise","tag-demissoes","tag-empresas","tag-pagamento","tag-sindicatos"],"_links":{"self":[{"href":"https:\/\/www.sincomam.org.br\/index.php\/wp-json\/wp\/v2\/posts\/28354","targetHints":{"allow":["GET"]}}],"collection":[{"href":"https:\/\/www.sincomam.org.br\/index.php\/wp-json\/wp\/v2\/posts"}],"about":[{"href":"https:\/\/www.sincomam.org.br\/index.php\/wp-json\/wp\/v2\/types\/post"}],"author":[{"embeddable":true,"href":"https:\/\/www.sincomam.org.br\/index.php\/wp-json\/wp\/v2\/users\/1182"}],"replies":[{"embeddable":true,"href":"https:\/\/www.sincomam.org.br\/index.php\/wp-json\/wp\/v2\/comments?post=28354"}],"version-history":[{"count":1,"href":"https:\/\/www.sincomam.org.br\/index.php\/wp-json\/wp\/v2\/posts\/28354\/revisions"}],"predecessor-version":[{"id":28355,"href":"https:\/\/www.sincomam.org.br\/index.php\/wp-json\/wp\/v2\/posts\/28354\/revisions\/28355"}],"wp:featuredmedia":[{"embeddable":true,"href":"https:\/\/www.sincomam.org.br\/index.php\/wp-json\/wp\/v2\/media\/17971"}],"wp:attachment":[{"href":"https:\/\/www.sincomam.org.br\/index.php\/wp-json\/wp\/v2\/media?parent=28354"}],"wp:term":[{"taxonomy":"category","embeddable":true,"href":"https:\/\/www.sincomam.org.br\/index.php\/wp-json\/wp\/v2\/categories?post=28354"},{"taxonomy":"post_tag","embeddable":true,"href":"https:\/\/www.sincomam.org.br\/index.php\/wp-json\/wp\/v2\/tags?post=28354"}],"curies":[{"name":"wp","href":"https:\/\/api.w.org\/{rel}","templated":true}]}}