{"id":28350,"date":"2020-04-06T10:42:44","date_gmt":"2020-04-06T13:42:44","guid":{"rendered":"http:\/\/www.sincomam.org.br\/?p=28350"},"modified":"2020-04-06T10:42:44","modified_gmt":"2020-04-06T13:42:44","slug":"governo-federal-edita-mp-com-medidas-para-o-setor-portuario","status":"publish","type":"post","link":"https:\/\/www.sincomam.org.br\/index.php\/governo-federal-edita-mp-com-medidas-para-o-setor-portuario\/","title":{"rendered":"Governo Federal edita MP com medidas para o setor portu\u00e1rio"},"content":{"rendered":"<p><strong><em>Texto visa garantir seguran\u00e7a para trabalhadores durante a pandemia do coronav\u00edrus<\/em><\/strong><\/p>\n<p>O presidente da Rep\u00fablica, Jair Bolsonaro, publicou no s\u00e1bado (4), a Medida Provis\u00f3ria 945\/2020 com regras para garantir a seguran\u00e7a dos trabalhadores do setor portu\u00e1rio nos servi\u00e7os considerados essenciais, ampliando as garantias de que as opera\u00e7\u00f5es portu\u00e1rias n\u00e3o ser\u00e3o afetadas pela atual crise da covid-19.<\/p>\n<p>A medida altera a forma de escala\u00e7\u00e3o dos trabalhadores avulsos, que realizam opera\u00e7\u00f5es de carga e descarga nos portos p\u00fablicos brasileiros sob demanda. Atualmente, eles s\u00e3o escalados em meio a grandes aglomera\u00e7\u00f5es nos terminais, o que n\u00e3o \u00e9 recomend\u00e1vel em tempos de pandemia. Com a MP, os \u00f3rg\u00e3os gestores de m\u00e3o de obra (OGMOs) dever\u00e3o realizar a escala\u00e7\u00e3o com o uso de novas tecnologias, por meios eletr\u00f4nicos de forma remota, que permita ao profissional somente comparecer ao porto no momento efetivo da execu\u00e7\u00e3o do trabalho.<\/p>\n<p>Outro detalhe da Medida \u00e9 que os OGMOs n\u00e3o poder\u00e3o escalar trabalhadores que apresentem sintomas semelhantes \u00e0 gripe ou resfriado; diagnosticados com COVID-19; que estejam gestantes ou lactantes; com idade igual ou superior a sessenta anos; e que tenham imunodefici\u00eancia ou doen\u00e7as respirat\u00f3rias ou doen\u00e7as preexistentes cr\u00f4nicas ou graves. Os trabalhadores enquadrados em tais situa\u00e7\u00f5es apresentadas na MP, ter\u00e3o o direito de receber indeniza\u00e7\u00e3o compensat\u00f3ria mensal de 50% da m\u00e9dia mensal recebida entre 1\u00ba de outubro de 2019 e 31 de mar\u00e7o de 2020. O custo com o pagamento das indeniza\u00e7\u00f5es ser\u00e1 suportado pelos operadores portu\u00e1rios que requisitarem os trabalhadores, que ter\u00e3o direito a desconto nas tarifas portu\u00e1rias em valor equivalente ao da indeniza\u00e7\u00e3o a ser paga, ou reequil\u00edbrio de seus contratos.<\/p>\n<p>Os operadores portu\u00e1rios tamb\u00e9m podem contratar livremente trabalhadores com v\u00ednculo empregat\u00edcio para servi\u00e7os de capatazia, bloco, estiva, confer\u00eancia de carga, conserto de carga e vigil\u00e2ncia de embarca\u00e7\u00f5es. O prazo m\u00e1ximo do contrato ser\u00e1 de 12 meses, estando clara a transitoriedade da medida em raz\u00e3o da pandemia.<\/p>\n<p>Fonte: Minist\u00e9rio da Infraestrutura<\/p>\n","protected":false},"excerpt":{"rendered":"<p>Texto visa garantir seguran\u00e7a para trabalhadores durante a pandemia do coronav\u00edrus O presidente da Rep\u00fablica, Jair Bolsonaro, publicou no s\u00e1bado (4), a Medida Provis\u00f3ria 945\/2020&#8230;<\/p>\n","protected":false},"author":1182,"featured_media":286,"comment_status":"closed","ping_status":"closed","sticky":false,"template":"","format":"standard","meta":{"footnotes":""},"categories":[6],"tags":[2752,192,516,69,2776,862],"class_list":["post-28350","post","type-post","status-publish","format-standard","has-post-thumbnail","hentry","category-noticias","tag-coronavirus","tag-governo","tag-medida","tag-portos","tag-provisoria","tag-servicos"],"_links":{"self":[{"href":"https:\/\/www.sincomam.org.br\/index.php\/wp-json\/wp\/v2\/posts\/28350","targetHints":{"allow":["GET"]}}],"collection":[{"href":"https:\/\/www.sincomam.org.br\/index.php\/wp-json\/wp\/v2\/posts"}],"about":[{"href":"https:\/\/www.sincomam.org.br\/index.php\/wp-json\/wp\/v2\/types\/post"}],"author":[{"embeddable":true,"href":"https:\/\/www.sincomam.org.br\/index.php\/wp-json\/wp\/v2\/users\/1182"}],"replies":[{"embeddable":true,"href":"https:\/\/www.sincomam.org.br\/index.php\/wp-json\/wp\/v2\/comments?post=28350"}],"version-history":[{"count":1,"href":"https:\/\/www.sincomam.org.br\/index.php\/wp-json\/wp\/v2\/posts\/28350\/revisions"}],"predecessor-version":[{"id":28351,"href":"https:\/\/www.sincomam.org.br\/index.php\/wp-json\/wp\/v2\/posts\/28350\/revisions\/28351"}],"wp:featuredmedia":[{"embeddable":true,"href":"https:\/\/www.sincomam.org.br\/index.php\/wp-json\/wp\/v2\/media\/286"}],"wp:attachment":[{"href":"https:\/\/www.sincomam.org.br\/index.php\/wp-json\/wp\/v2\/media?parent=28350"}],"wp:term":[{"taxonomy":"category","embeddable":true,"href":"https:\/\/www.sincomam.org.br\/index.php\/wp-json\/wp\/v2\/categories?post=28350"},{"taxonomy":"post_tag","embeddable":true,"href":"https:\/\/www.sincomam.org.br\/index.php\/wp-json\/wp\/v2\/tags?post=28350"}],"curies":[{"name":"wp","href":"https:\/\/api.w.org\/{rel}","templated":true}]}}