{"id":28336,"date":"2020-04-03T11:40:41","date_gmt":"2020-04-03T14:40:41","guid":{"rendered":"http:\/\/www.sincomam.org.br\/?p=28336"},"modified":"2020-04-03T11:40:41","modified_gmt":"2020-04-03T14:40:41","slug":"tribunal-maritimo-adota-medidas-preventivas-e-fara-sessoes-por-video-durante-pandemia","status":"publish","type":"post","link":"https:\/\/www.sincomam.org.br\/index.php\/tribunal-maritimo-adota-medidas-preventivas-e-fara-sessoes-por-video-durante-pandemia\/","title":{"rendered":"Tribunal Mar\u00edtimo adota medidas preventivas e far\u00e1 sess\u00f5es por v\u00eddeo durante pandemia"},"content":{"rendered":"<p>O Tribunal Mar\u00edtimo adotou medidas preventivas tendo em vista as orienta\u00e7\u00f5es de restri\u00e7\u00e3o da mobilidade urbana em todo o pa\u00eds durante a pandemia do novo coronav\u00edrus (Covid-19). Para evitar cont\u00e1gios, uma parte significativa do efetivo da corte mar\u00edtima est\u00e1 em teletrabalho. A corte mar\u00edtima alterou prazos processuais e as sess\u00f5es ordin\u00e1rias e audi\u00eancias presenciais foram suspensas at\u00e9 o dia 27 de abril, podendo a data ser alterada em fun\u00e7\u00e3o das recomenda\u00e7\u00f5es das autoridades de sa\u00fade. O presidente do tribunal, vice-almirante Wilson Pereira de Lima Filho, explicou que, com os devidos ajustes, os processos internos est\u00e3o em andamento e muitas reuni\u00f5es s\u00e3o realizadas pela internet. Ele ressaltou que foram implementadas todas as a\u00e7\u00f5es recomendadas pelas autoridades competentes.<\/p>\n<p>Por meio da portaria 17\/2020, o tribunal prorrogou, para 15 de agosto deste ano, o prazo de validade dos certificados de Registro de Armador (CRA) e do Registro Especial Brasileiro (REB) e do Pr\u00e9-registro no REB com vencimentos at\u00e9 31 de julho de 2020. No caso dos certificados de REB de embarca\u00e7\u00f5es estrangeiras, com suspens\u00e3o de bandeira, prevalece o que ocorrer primeiro: 15 de agosto de 2020 ou a data do encerramento do contrato de afretamento.<\/p>\n<p>Para os certificados de REB de embarca\u00e7\u00f5es brasileiras prevalece o prazo de 15 de agosto. J\u00e1 a validade dos certificados de pr\u00e9-registro no REB, com vencimento at\u00e9 31 de julho de 2020, tamb\u00e9m foi prorrogada para 15 de agosto ou para a data de entrega da embarca\u00e7\u00e3o constante do contrato de constru\u00e7\u00e3o, prevalecendo o que ocorrer primeiro.<\/p>\n<p>Lima Filho acrescentou que a corte se prepara para realizar sess\u00f5es ordin\u00e1rias por videoconfer\u00eancia. &#8220;Alinhado com o comando da Marinha e na esteira do poder judici\u00e1rio, o Tribunal Mar\u00edtimo n\u00e3o parou, apenas ajustou as velas e segue trabalhando em prol da justi\u00e7a e seguran\u00e7a da navega\u00e7\u00e3o. Como diz o velho marinheiro, depois da tempestade vem a calmaria. Sigamos juntos, com sabedoria, f\u00e9 e perseveran\u00e7a! Vai dar tudo certo, \u00e9 uma quest\u00e3o de tempo&#8221;, afirmou o presidente do tribunal.<\/p>\n<p>Fonte: Portos e Navios \/ Danilo Oliveira<\/p>\n","protected":false},"excerpt":{"rendered":"<p>O Tribunal Mar\u00edtimo adotou medidas preventivas tendo em vista as orienta\u00e7\u00f5es de restri\u00e7\u00e3o da mobilidade urbana em todo o pa\u00eds durante a pandemia do novo&#8230;<\/p>\n","protected":false},"author":1182,"featured_media":28337,"comment_status":"closed","ping_status":"closed","sticky":false,"template":"","format":"standard","meta":{"footnotes":""},"categories":[6],"tags":[2752,19,117,1560,393,2775],"class_list":["post-28336","post","type-post","status-publish","format-standard","has-post-thumbnail","hentry","category-noticias","tag-coronavirus","tag-maritimo","tag-navios","tag-portaria","tag-tribunal","tag-video"],"_links":{"self":[{"href":"https:\/\/www.sincomam.org.br\/index.php\/wp-json\/wp\/v2\/posts\/28336","targetHints":{"allow":["GET"]}}],"collection":[{"href":"https:\/\/www.sincomam.org.br\/index.php\/wp-json\/wp\/v2\/posts"}],"about":[{"href":"https:\/\/www.sincomam.org.br\/index.php\/wp-json\/wp\/v2\/types\/post"}],"author":[{"embeddable":true,"href":"https:\/\/www.sincomam.org.br\/index.php\/wp-json\/wp\/v2\/users\/1182"}],"replies":[{"embeddable":true,"href":"https:\/\/www.sincomam.org.br\/index.php\/wp-json\/wp\/v2\/comments?post=28336"}],"version-history":[{"count":1,"href":"https:\/\/www.sincomam.org.br\/index.php\/wp-json\/wp\/v2\/posts\/28336\/revisions"}],"predecessor-version":[{"id":28338,"href":"https:\/\/www.sincomam.org.br\/index.php\/wp-json\/wp\/v2\/posts\/28336\/revisions\/28338"}],"wp:featuredmedia":[{"embeddable":true,"href":"https:\/\/www.sincomam.org.br\/index.php\/wp-json\/wp\/v2\/media\/28337"}],"wp:attachment":[{"href":"https:\/\/www.sincomam.org.br\/index.php\/wp-json\/wp\/v2\/media?parent=28336"}],"wp:term":[{"taxonomy":"category","embeddable":true,"href":"https:\/\/www.sincomam.org.br\/index.php\/wp-json\/wp\/v2\/categories?post=28336"},{"taxonomy":"post_tag","embeddable":true,"href":"https:\/\/www.sincomam.org.br\/index.php\/wp-json\/wp\/v2\/tags?post=28336"}],"curies":[{"name":"wp","href":"https:\/\/api.w.org\/{rel}","templated":true}]}}