{"id":28330,"date":"2020-04-03T11:03:44","date_gmt":"2020-04-03T14:03:44","guid":{"rendered":"http:\/\/www.sincomam.org.br\/?p=28330"},"modified":"2020-04-03T11:04:41","modified_gmt":"2020-04-03T14:04:41","slug":"navio-koningsdam-atraca-em-fortaleza","status":"publish","type":"post","link":"https:\/\/www.sincomam.org.br\/index.php\/navio-koningsdam-atraca-em-fortaleza\/","title":{"rendered":"Porto de Fortaleza recebe o Navio Koningsdam"},"content":{"rendered":"<p><em><strong>A autoriza\u00e7\u00e3o foi emitida ap\u00f3s a Anvisa analisar os dados de sa\u00fade do navio e verificar que at\u00e9 o momento n\u00e3o h\u00e1 suspeita de Covid-19 a bordo<\/strong><\/em><\/p>\n<p>O navio de cruzeiro holand\u00eas Koningsdam atracou \u00e0s 8h da manh\u00e3 desta quinta-feira (2\/4) no porto de Mucuripe, na cidade de Fortaleza (CE). A embarca\u00e7\u00e3o solicitou autoriza\u00e7\u00e3o para poder fazer o abastecimento de alimentos para sua tripula\u00e7\u00e3o e tamb\u00e9m a retirada dos res\u00edduos de bordo.<\/p>\n<p>A \u00faltima atraca\u00e7\u00e3o do navio havia acontecido no dia 23 de mar\u00e7o, na regi\u00e3o do Caribe, e desde ent\u00e3o a embarca\u00e7\u00e3o estava em alto-mar. A autoriza\u00e7\u00e3o para atracar foi emitida ap\u00f3s a Anvisa analisar os dados de sa\u00fade do navio e verificar que at\u00e9 o momento n\u00e3o h\u00e1 suspeita de Covid-19 a bordo. A Ag\u00eancia j\u00e1 vinha monitorando esses dados nos \u00faltimos dias, quando a atraca\u00e7\u00e3o foi solicitada.<\/p>\n<p>O Koningsdam tem 966 tripulantes a bordo. A embarca\u00e7\u00e3o n\u00e3o est\u00e1 operando e n\u00e3o possui passageiros, j\u00e1 que os cruzeiros no Brasil foram encerrados devido \u00e0 Covid-19. A empresa respons\u00e1vel pelo navio chegou a solicitar o desembarque de quatro tripulantes, mas o pedido foi negado. De acordo com a Portaria 47\/2020 da Casa Civil, o desembarque de estrangeiros no pa\u00eds por via mar\u00edtima est\u00e1 proibido e s\u00f3 pode ser autorizado em casos de urg\u00eancia m\u00e9dica ou de retorno imediato ao seu pa\u00eds de origem por via a\u00e9rea.<\/p>\n<p>Fonte: ANVISA<\/p>\n","protected":false},"excerpt":{"rendered":"<p>A autoriza\u00e7\u00e3o foi emitida ap\u00f3s a Anvisa analisar os dados de sa\u00fade do navio e verificar que at\u00e9 o momento n\u00e3o h\u00e1 suspeita de Covid-19&#8230;<\/p>\n","protected":false},"author":1182,"featured_media":28331,"comment_status":"closed","ping_status":"closed","sticky":false,"template":"","format":"standard","meta":{"footnotes":""},"categories":[6],"tags":[61,2771,2752,2751,227,348,2768,47,2769,2770],"class_list":["post-28330","post","type-post","status-publish","format-standard","has-post-thumbnail","hentry","category-noticias","tag-brasil","tag-caribe","tag-coronavirus","tag-covid-19","tag-cruzeiro","tag-fortaleza","tag-koningsdam","tag-navio","tag-poto","tag-urgencia"],"_links":{"self":[{"href":"https:\/\/www.sincomam.org.br\/index.php\/wp-json\/wp\/v2\/posts\/28330","targetHints":{"allow":["GET"]}}],"collection":[{"href":"https:\/\/www.sincomam.org.br\/index.php\/wp-json\/wp\/v2\/posts"}],"about":[{"href":"https:\/\/www.sincomam.org.br\/index.php\/wp-json\/wp\/v2\/types\/post"}],"author":[{"embeddable":true,"href":"https:\/\/www.sincomam.org.br\/index.php\/wp-json\/wp\/v2\/users\/1182"}],"replies":[{"embeddable":true,"href":"https:\/\/www.sincomam.org.br\/index.php\/wp-json\/wp\/v2\/comments?post=28330"}],"version-history":[{"count":2,"href":"https:\/\/www.sincomam.org.br\/index.php\/wp-json\/wp\/v2\/posts\/28330\/revisions"}],"predecessor-version":[{"id":28333,"href":"https:\/\/www.sincomam.org.br\/index.php\/wp-json\/wp\/v2\/posts\/28330\/revisions\/28333"}],"wp:featuredmedia":[{"embeddable":true,"href":"https:\/\/www.sincomam.org.br\/index.php\/wp-json\/wp\/v2\/media\/28331"}],"wp:attachment":[{"href":"https:\/\/www.sincomam.org.br\/index.php\/wp-json\/wp\/v2\/media?parent=28330"}],"wp:term":[{"taxonomy":"category","embeddable":true,"href":"https:\/\/www.sincomam.org.br\/index.php\/wp-json\/wp\/v2\/categories?post=28330"},{"taxonomy":"post_tag","embeddable":true,"href":"https:\/\/www.sincomam.org.br\/index.php\/wp-json\/wp\/v2\/tags?post=28330"}],"curies":[{"name":"wp","href":"https:\/\/api.w.org\/{rel}","templated":true}]}}