{"id":28325,"date":"2020-04-03T10:50:21","date_gmt":"2020-04-03T13:50:21","guid":{"rendered":"http:\/\/www.sincomam.org.br\/?p=28325"},"modified":"2020-04-03T10:50:21","modified_gmt":"2020-04-03T13:50:21","slug":"porto-de-paranagua-tem-exportacao-recorde-de-graos","status":"publish","type":"post","link":"https:\/\/www.sincomam.org.br\/index.php\/porto-de-paranagua-tem-exportacao-recorde-de-graos\/","title":{"rendered":"Porto de Paranagu\u00e1 tem exporta\u00e7\u00e3o recorde de gr\u00e3os"},"content":{"rendered":"<p><strong><em>Mar\u00e7o teve a maior movimenta\u00e7\u00e3o mensal j\u00e1 registrada no Corredor de Exporta\u00e7\u00e3o. Foram 2,4 milh\u00f5es de toneladas de soja embarcadas pelo porto paranaense<\/em><\/strong><\/p>\n<p>O Porto de Paranagu\u00e1 fechou mar\u00e7o com a maior movimenta\u00e7\u00e3o mensal j\u00e1 registrada no Corredor de Exporta\u00e7\u00e3o. Foram embarcadas pelo porto paranaense 2,4 milh\u00f5es de toneladas de soja, em gr\u00e3o e farelo. O volume \u00e9 51% maior que o movimentado no mesmo m\u00eas de 2019 e supera em mais de 180 mil toneladas o recorde anterior, de 2,2 milh\u00f5es de toneladas, alcan\u00e7ado em junho do ano passado.<\/p>\n<p>De acordo como diretor-presidente Portos do Paran\u00e1, Luiz Fernando Garcia, o resultado positivo, mesmo diante das adversidades da Covid-19, mostra a efic\u00e1cia das medidas de seguran\u00e7a adotadas, desde janeiro, pela empresa p\u00fablica. \u201cNossa preocupa\u00e7\u00e3o com a sa\u00fade dos trabalhadores portu\u00e1rios, caminhoneiros e tripulantes sempre est\u00e1 em primeiro lugar. Precisamos garantir um ambiente seguro para que eles tenham confian\u00e7a e mantenham os servi\u00e7os que s\u00e3o essenciais para o Pa\u00eds\u201d.<\/p>\n<p>Segundo ele, o novo recorde tamb\u00e9m comprova a for\u00e7a do agroneg\u00f3cio. \u201cA safra foi muito boa e o c\u00e2mbio foi favor\u00e1vel para as exporta\u00e7\u00f5es. Os portos do mundo todo t\u00eam um papel importante para a seguran\u00e7a alimentar e est\u00e3o inseridos em uma cadeia de neg\u00f3cios que gera milh\u00f5es de empregos, no campo e na ind\u00fastria\u201d, completa.<\/p>\n<p><strong>Coronav\u00edrus <\/strong><\/p>\n<p>Os portos paranaenses foram os primeiros do Brasil a montar uma estrutura completa para o atendimento prim\u00e1rio de sa\u00fade, no cais e no p\u00e1tio de triagem de caminh\u00f5es. Equipes m\u00e9dicas atendem 24 horas, todos os dias, com aferi\u00e7\u00e3o de temperatura, orienta\u00e7\u00f5es e o devido encaminhamento dos casos necess\u00e1rios.<\/p>\n<p>A empresa p\u00fablica tamb\u00e9m adquiriu 20 mil litros de \u00e1lcool em gel; 144 litros de sabonete antiss\u00e9ptico (usados em ambientes hospitalares); 5 mil pares de luvas; 10 mil unidades extras de m\u00e1scaras cir\u00fargicas; 21 tendas e cabines elevadas; 200 metros lineares de grade de isolamento, 32 chuveiros, 60 pias e lava-p\u00e9s com hipoclorito de s\u00f3dio.<\/p>\n<p><strong>Soja <\/strong><\/p>\n<p>A exporta\u00e7\u00e3o de soja foi a grande respons\u00e1vel pelo desempenho hist\u00f3rico. Nove terminais privados e dois p\u00fablicos do complexo movimentaram 2 milh\u00f5es de toneladas em gr\u00e3os e cerca de 463,6 mil toneladas de farelo. A carga encheu, no m\u00eas, os por\u00f5es de 40 navios.<\/p>\n<p>O setor, que no primeiro bimestre do ano estava apreensivo com o atraso no plantio, comemora. Segundo Helder Catarino, representante da Interalli e um dos diretores da Associa\u00e7\u00e3o dos Terminais do Corredor de Exporta\u00e7\u00e3o de Paranagu\u00e1 (ATEXP), a falta de chuva no final do ano passado atrasou a colheita para o final de fevereiro e o in\u00edcio de mar\u00e7o.<\/p>\n<p>\u201cCom o avan\u00e7o da colheita no \u00faltimo m\u00eas, tivemos um cen\u00e1rio mais favor\u00e1vel. Boa oferta, portos com capacidade est\u00e1tica, espa\u00e7o operacional para receber a colheita forte e uma programa\u00e7\u00e3o de navios que garantiu a sa\u00edda e o giro da mercadoria\u201d, desatacou Catarino.<\/p>\n<p>No primeiro trimestre, o Corredor de Exporta\u00e7\u00e3o de Paranagu\u00e1 movimentou 4,72 milh\u00f5es de toneladas de gran\u00e9is. Desse total, 3,3 milh\u00f5es de soja em gr\u00e3o, 1 milh\u00e3o de farelo de soja e 297 mil toneladas de milho. O volume movimentado nos tr\u00eas primeiros meses de 2020 \u00e9 quase 12% maior que o registrado no mesmo per\u00edodo de 2019.<\/p>\n<p>Fonte: Ag\u00eancia de Not\u00edcias do Paran\u00e1<\/p>\n","protected":false},"excerpt":{"rendered":"<p>Mar\u00e7o teve a maior movimenta\u00e7\u00e3o mensal j\u00e1 registrada no Corredor de Exporta\u00e7\u00e3o. Foram 2,4 milh\u00f5es de toneladas de soja embarcadas pelo porto paranaense O Porto&#8230;<\/p>\n","protected":false},"author":1182,"featured_media":28326,"comment_status":"closed","ping_status":"closed","sticky":false,"template":"","format":"standard","meta":{"footnotes":""},"categories":[6],"tags":[1227,160,1105,151,161,117,109,187,69,62,162],"class_list":["post-28325","post","type-post","status-publish","format-standard","has-post-thumbnail","hentry","category-noticias","tag-antonina","tag-caminhoes","tag-estrutura","tag-exportacao","tag-graos","tag-navios","tag-parana","tag-paranagua","tag-portos","tag-recorde","tag-soja"],"_links":{"self":[{"href":"https:\/\/www.sincomam.org.br\/index.php\/wp-json\/wp\/v2\/posts\/28325","targetHints":{"allow":["GET"]}}],"collection":[{"href":"https:\/\/www.sincomam.org.br\/index.php\/wp-json\/wp\/v2\/posts"}],"about":[{"href":"https:\/\/www.sincomam.org.br\/index.php\/wp-json\/wp\/v2\/types\/post"}],"author":[{"embeddable":true,"href":"https:\/\/www.sincomam.org.br\/index.php\/wp-json\/wp\/v2\/users\/1182"}],"replies":[{"embeddable":true,"href":"https:\/\/www.sincomam.org.br\/index.php\/wp-json\/wp\/v2\/comments?post=28325"}],"version-history":[{"count":1,"href":"https:\/\/www.sincomam.org.br\/index.php\/wp-json\/wp\/v2\/posts\/28325\/revisions"}],"predecessor-version":[{"id":28327,"href":"https:\/\/www.sincomam.org.br\/index.php\/wp-json\/wp\/v2\/posts\/28325\/revisions\/28327"}],"wp:featuredmedia":[{"embeddable":true,"href":"https:\/\/www.sincomam.org.br\/index.php\/wp-json\/wp\/v2\/media\/28326"}],"wp:attachment":[{"href":"https:\/\/www.sincomam.org.br\/index.php\/wp-json\/wp\/v2\/media?parent=28325"}],"wp:term":[{"taxonomy":"category","embeddable":true,"href":"https:\/\/www.sincomam.org.br\/index.php\/wp-json\/wp\/v2\/categories?post=28325"},{"taxonomy":"post_tag","embeddable":true,"href":"https:\/\/www.sincomam.org.br\/index.php\/wp-json\/wp\/v2\/tags?post=28325"}],"curies":[{"name":"wp","href":"https:\/\/api.w.org\/{rel}","templated":true}]}}