{"id":28319,"date":"2020-04-02T17:33:03","date_gmt":"2020-04-02T20:33:03","guid":{"rendered":"http:\/\/www.sincomam.org.br\/?p=28319"},"modified":"2020-04-02T17:33:03","modified_gmt":"2020-04-02T20:33:03","slug":"brasil-tem-299-mortes-e-7-910-infeccoes-confirmadas-por-coronavirus","status":"publish","type":"post","link":"https:\/\/www.sincomam.org.br\/index.php\/brasil-tem-299-mortes-e-7-910-infeccoes-confirmadas-por-coronavirus\/","title":{"rendered":"Brasil tem 299 mortes e 7.910 infec\u00e7\u00f5es confirmadas por coronav\u00edrus"},"content":{"rendered":"<p><em><strong>Segundo o Minist\u00e9rio da Sa\u00fade a taxa de letalidade cresceu para 3,8%<\/strong><\/em><\/p>\n<p>Um novo balan\u00e7o divulgado pelo Minist\u00e9rio da Sa\u00fade nesta quinta-feira, 2, mostra que o Brasil tem 7.910 casos confirmados de coronav\u00edrus (causador da covid-19). Assim como nos \u00faltimos dois boletins, o n\u00famero de infectados subiu mais de mil em apenas 24 horas. No total, foram 1.064 a mais em rela\u00e7\u00e3o ao dia anterior. O n\u00famero de mortes confirmadas cresceu 59 em um dia e somam 299. A maior parte dos \u00f3bitos (90%) \u00e9 de pessoas com mais de 60 anos. A taxa de letalidade subiu de 3,5% para 3,8%, segundo informa\u00e7\u00f5es do site Exame.<\/p>\n<p>\u201cEstamos aumentando e automatizando os testes. Isso gera uma capacidade maior de resultados. N\u00f3s vamos pegar tudo o que est\u00e1 parado. Vamos chegar em um teste quase em tempo real\u201d, disse o ministro da Sa\u00fade, Luiz Henrique Mandetta, nesta quarta (2) explicando o aumento de mais de mil casos confirmados nos \u00faltimos tr\u00eas dias.<\/p>\n<p>O Minist\u00e9rio informou tamb\u00e9m que chegou 5000 testes para coronav\u00edrus no aeroporto de Guarulhos\/SP. Todos os estados registraram casos e 20 t\u00eam \u00f3bitos: AM, PA, RO, AL, BA, CE, MA, PB, PE, PI, RN, MG, RJ, SP, DF, GO, MS, PR, RS e SC.<\/p>\n<p>Fonte: Minist\u00e9rio da Sa\u00fade<\/p>\n","protected":false},"excerpt":{"rendered":"<p>Segundo o Minist\u00e9rio da Sa\u00fade a taxa de letalidade cresceu para 3,8% Um novo balan\u00e7o divulgado pelo Minist\u00e9rio da Sa\u00fade nesta quinta-feira, 2, mostra que&#8230;<\/p>\n","protected":false},"author":1182,"featured_media":28320,"comment_status":"closed","ping_status":"closed","sticky":false,"template":"","format":"standard","meta":{"footnotes":""},"categories":[6],"tags":[2760,577,61,2752,1460,2762,1005,59,366,2761],"class_list":["post-28319","post","type-post","status-publish","format-standard","has-post-thumbnail","hentry","category-noticias","tag-atualizacao","tag-balanco","tag-brasil","tag-coronavirus","tag-infectados","tag-mandetta","tag-mortes","tag-rio-de-janeiro","tag-sao-paulo","tag-tsts"],"_links":{"self":[{"href":"https:\/\/www.sincomam.org.br\/index.php\/wp-json\/wp\/v2\/posts\/28319","targetHints":{"allow":["GET"]}}],"collection":[{"href":"https:\/\/www.sincomam.org.br\/index.php\/wp-json\/wp\/v2\/posts"}],"about":[{"href":"https:\/\/www.sincomam.org.br\/index.php\/wp-json\/wp\/v2\/types\/post"}],"author":[{"embeddable":true,"href":"https:\/\/www.sincomam.org.br\/index.php\/wp-json\/wp\/v2\/users\/1182"}],"replies":[{"embeddable":true,"href":"https:\/\/www.sincomam.org.br\/index.php\/wp-json\/wp\/v2\/comments?post=28319"}],"version-history":[{"count":1,"href":"https:\/\/www.sincomam.org.br\/index.php\/wp-json\/wp\/v2\/posts\/28319\/revisions"}],"predecessor-version":[{"id":28321,"href":"https:\/\/www.sincomam.org.br\/index.php\/wp-json\/wp\/v2\/posts\/28319\/revisions\/28321"}],"wp:featuredmedia":[{"embeddable":true,"href":"https:\/\/www.sincomam.org.br\/index.php\/wp-json\/wp\/v2\/media\/28320"}],"wp:attachment":[{"href":"https:\/\/www.sincomam.org.br\/index.php\/wp-json\/wp\/v2\/media?parent=28319"}],"wp:term":[{"taxonomy":"category","embeddable":true,"href":"https:\/\/www.sincomam.org.br\/index.php\/wp-json\/wp\/v2\/categories?post=28319"},{"taxonomy":"post_tag","embeddable":true,"href":"https:\/\/www.sincomam.org.br\/index.php\/wp-json\/wp\/v2\/tags?post=28319"}],"curies":[{"name":"wp","href":"https:\/\/api.w.org\/{rel}","templated":true}]}}