{"id":28311,"date":"2020-04-02T16:56:53","date_gmt":"2020-04-02T19:56:53","guid":{"rendered":"http:\/\/www.sincomam.org.br\/?p=28311"},"modified":"2020-04-02T17:17:31","modified_gmt":"2020-04-02T20:17:31","slug":"navio-portinari-e-o-ultimo-da-serie-de-cinco-aframax-entregues-a-transpetro","status":"publish","type":"post","link":"https:\/\/www.sincomam.org.br\/index.php\/navio-portinari-e-o-ultimo-da-serie-de-cinco-aframax-entregues-a-transpetro\/","title":{"rendered":"Navio Portinari \u00e9 o \u00faltimo da s\u00e9rie de cinco aframax entregues \u00e0 Transpetro"},"content":{"rendered":"<p><em><strong>Navio foi batizado no Estaleiro Atl\u00e2ntico Sul, em Pernambuco<\/strong><\/em><\/p>\n<p>A Transpetro batizou no Estaleiro Atl\u00e2ntico Sul (EAS), em Pernambuco, o \u00faltimo dos cinco aframax encomendados pela companhia. Com 249 metros de comprimento, 43 metros de boca (largura) e capacidade de 114 mil toneladas de porte bruto (TPB), o navio Portinari foi constru\u00eddo para transporte de petr\u00f3leo e segue para Salvador (BA) para seu primeiro abastecimento.<\/p>\n<p>O nome da embarca\u00e7\u00e3o homenageia o famoso pintor Candido Portinari, um dos principais artistas brasileiros do s\u00e9culo XX, autor de obras como \u201cA Primeira Missa no Brasil\u201d, \u201cS\u00e3o Francisco de Assis\u201d e \u201cGuerra e Paz\u201d. A primeira parada do novo navio ser\u00e1 em Salvador (BA) para abastecer. Os outros quatro aframax (Castro Alves, Carlos Drummond de Andrade, Olavo Bilac e Garrincha) j\u00e1 est\u00e3o em opera\u00e7\u00e3o.<\/p>\n<p><strong>Ficha t\u00e9cnica do navio Portinari<\/strong><\/p>\n<p>Tipo: aframax<br \/>\nCapacidade de transporte: 114 mil toneladas de porte bruto (TPB) que equivalem a aproximadamente 800 mil barris de petr\u00f3leo<br \/>\nComprimento total: 249 metros<br \/>\nLargura: 43 metros (boca)<br \/>\nAltura: 50 metros<br \/>\nCalado: 15 metros<br \/>\nPontal (dist\u00e2ncia entre o fundo e o conv\u00e9s): 21 metros<br \/>\nVelocidade: 14.5 n\u00f3s<br \/>\nAutonomia: 16 mil milhas<br \/>\nTotal de tanques: 12 tanques<\/p>\n<p>Fonte: Transpetro<\/p>\n","protected":false},"excerpt":{"rendered":"<p>Navio foi batizado no Estaleiro Atl\u00e2ntico Sul, em Pernambuco A Transpetro batizou no Estaleiro Atl\u00e2ntico Sul (EAS), em Pernambuco, o \u00faltimo dos cinco aframax encomendados&#8230;<\/p>\n","protected":false},"author":1182,"featured_media":28318,"comment_status":"closed","ping_status":"closed","sticky":false,"template":"","format":"standard","meta":{"footnotes":""},"categories":[6],"tags":[2304,2758,47,1753,2757,105],"class_list":["post-28311","post","type-post","status-publish","format-standard","has-post-thumbnail","hentry","category-noticias","tag-eas","tag-entregue","tag-navio","tag-pernambuco","tag-portinari","tag-transpetro"],"_links":{"self":[{"href":"https:\/\/www.sincomam.org.br\/index.php\/wp-json\/wp\/v2\/posts\/28311","targetHints":{"allow":["GET"]}}],"collection":[{"href":"https:\/\/www.sincomam.org.br\/index.php\/wp-json\/wp\/v2\/posts"}],"about":[{"href":"https:\/\/www.sincomam.org.br\/index.php\/wp-json\/wp\/v2\/types\/post"}],"author":[{"embeddable":true,"href":"https:\/\/www.sincomam.org.br\/index.php\/wp-json\/wp\/v2\/users\/1182"}],"replies":[{"embeddable":true,"href":"https:\/\/www.sincomam.org.br\/index.php\/wp-json\/wp\/v2\/comments?post=28311"}],"version-history":[{"count":1,"href":"https:\/\/www.sincomam.org.br\/index.php\/wp-json\/wp\/v2\/posts\/28311\/revisions"}],"predecessor-version":[{"id":28312,"href":"https:\/\/www.sincomam.org.br\/index.php\/wp-json\/wp\/v2\/posts\/28311\/revisions\/28312"}],"wp:featuredmedia":[{"embeddable":true,"href":"https:\/\/www.sincomam.org.br\/index.php\/wp-json\/wp\/v2\/media\/28318"}],"wp:attachment":[{"href":"https:\/\/www.sincomam.org.br\/index.php\/wp-json\/wp\/v2\/media?parent=28311"}],"wp:term":[{"taxonomy":"category","embeddable":true,"href":"https:\/\/www.sincomam.org.br\/index.php\/wp-json\/wp\/v2\/categories?post=28311"},{"taxonomy":"post_tag","embeddable":true,"href":"https:\/\/www.sincomam.org.br\/index.php\/wp-json\/wp\/v2\/tags?post=28311"}],"curies":[{"name":"wp","href":"https:\/\/api.w.org\/{rel}","templated":true}]}}