{"id":27969,"date":"2019-07-19T17:21:23","date_gmt":"2019-07-19T20:21:23","guid":{"rendered":"http:\/\/www.sincomam.org.br\/?p=27969"},"modified":"2019-07-19T17:21:25","modified_gmt":"2019-07-19T20:21:25","slug":"ccr-barcas-tres-anos-sem-reajuste-para-os-trabalhadores","status":"publish","type":"post","link":"https:\/\/www.sincomam.org.br\/index.php\/ccr-barcas-tres-anos-sem-reajuste-para-os-trabalhadores\/","title":{"rendered":"CCR Barcas, tr\u00eas anos sem reajuste para os trabalhadores"},"content":{"rendered":"\n<p>Ap\u00f3s tr\u00eas anos de defasagem\nsalarial, in\u00fameras reuni\u00f5es realizadas, diversas media\u00e7\u00f5es no (extinto)\nMinist\u00e9rio do Trabalho e Emprego e at\u00e9 mesmo um diss\u00eddio coletivo, a\nconcession\u00e1ria <strong>CCR BARCAS<\/strong> n\u00e3o\napresentou proposta que reponha as perdas inflacion\u00e1rias deste per\u00edodo,\ndeixando seus marinheiros e chefes de m\u00e1quinas \u00e0 deriva. Por esse motivo, no\ndia 01\/04\/2019 os Condutores de M\u00e1quinas, os Marinheiros de M\u00e1quinas e os\nMarinheiros de Conv\u00e9s aprovaram, atrav\u00e9s de uma assembleia em conjunto, o <strong>Estado de Greve<\/strong> na<strong> CCR BARCAS<\/strong>.<\/p>\n\n\n\n<p>O Estado de Greve existe para\nalertar sobre a imin\u00eancia de uma eventual paralisa\u00e7\u00e3o. Paralisa\u00e7\u00e3o que n\u00e3o\nocorreu, at\u00e9 o momento. Isto porque os sindicatos e os profissionais envolvidos\nreconhecem a relev\u00e2ncia dos servi\u00e7os da CCR BARCAS para a sociedade e os\ntranstornos que uma greve pode gerar.<\/p>\n\n\n\n<p>Os sindicatos n\u00e3o desejam a\ngreve. Ningu\u00e9m deseja parar de trabalhar. A Greve \u00e9 o \u00faltimo recurso legal para\nos trabalhadores defenderem seus interesses, como melhores condi\u00e7\u00f5es de\ntrabalho. Contudo, nos \u00faltimos 3 anos, os passageiros passaram a pagar passagens\nreajustadas acima da infla\u00e7\u00e3o, enquanto os profissionais que os transportam\ndiariamente em seguran\u00e7a nada receberam. Ao contr\u00e1rio, tiveram seus sal\u00e1rios\nreduzidos gra\u00e7as \u00e0 infla\u00e7\u00e3o.\n\nPortanto, uma decis\u00e3o precisa ser tomada. Por\ntr\u00e1s de cada profissional ali representado, existe uma fam\u00edlia que dele\ndepende. Aguardaremos at\u00e9 o pr\u00f3ximo dia <strong>23\/07\/2019<\/strong>,\nocasi\u00e3o na qual esperamos que a concession\u00e1ria apresente proposta minimamente\nsatisfat\u00f3ria, em audi\u00eancia mediada por um desembargador, dentro do Tribunal\nRegional do Trabalho.\n\n\n\n<\/p>\n","protected":false},"excerpt":{"rendered":"<p>Ap\u00f3s tr\u00eas anos de defasagem salarial, in\u00fameras reuni\u00f5es realizadas, diversas media\u00e7\u00f5es no (extinto) Minist\u00e9rio do Trabalho e Emprego e at\u00e9 mesmo um diss\u00eddio coletivo, a&#8230;<\/p>\n","protected":false},"author":859,"featured_media":27970,"comment_status":"closed","ping_status":"closed","sticky":false,"template":"","format":"standard","meta":{"footnotes":""},"categories":[6],"tags":[],"class_list":["post-27969","post","type-post","status-publish","format-standard","has-post-thumbnail","hentry","category-noticias"],"_links":{"self":[{"href":"https:\/\/www.sincomam.org.br\/index.php\/wp-json\/wp\/v2\/posts\/27969","targetHints":{"allow":["GET"]}}],"collection":[{"href":"https:\/\/www.sincomam.org.br\/index.php\/wp-json\/wp\/v2\/posts"}],"about":[{"href":"https:\/\/www.sincomam.org.br\/index.php\/wp-json\/wp\/v2\/types\/post"}],"author":[{"embeddable":true,"href":"https:\/\/www.sincomam.org.br\/index.php\/wp-json\/wp\/v2\/users\/859"}],"replies":[{"embeddable":true,"href":"https:\/\/www.sincomam.org.br\/index.php\/wp-json\/wp\/v2\/comments?post=27969"}],"version-history":[{"count":1,"href":"https:\/\/www.sincomam.org.br\/index.php\/wp-json\/wp\/v2\/posts\/27969\/revisions"}],"predecessor-version":[{"id":27971,"href":"https:\/\/www.sincomam.org.br\/index.php\/wp-json\/wp\/v2\/posts\/27969\/revisions\/27971"}],"wp:featuredmedia":[{"embeddable":true,"href":"https:\/\/www.sincomam.org.br\/index.php\/wp-json\/wp\/v2\/media\/27970"}],"wp:attachment":[{"href":"https:\/\/www.sincomam.org.br\/index.php\/wp-json\/wp\/v2\/media?parent=27969"}],"wp:term":[{"taxonomy":"category","embeddable":true,"href":"https:\/\/www.sincomam.org.br\/index.php\/wp-json\/wp\/v2\/categories?post=27969"},{"taxonomy":"post_tag","embeddable":true,"href":"https:\/\/www.sincomam.org.br\/index.php\/wp-json\/wp\/v2\/tags?post=27969"}],"curies":[{"name":"wp","href":"https:\/\/api.w.org\/{rel}","templated":true}]}}