{"id":27950,"date":"2019-06-18T19:45:28","date_gmt":"2019-06-18T22:45:28","guid":{"rendered":"http:\/\/www.sincomam.org.br\/?p=27950"},"modified":"2019-06-19T09:07:03","modified_gmt":"2019-06-19T12:07:03","slug":"sincomam-no-v-congresso-portuario-e-aquaviario","status":"publish","type":"post","link":"https:\/\/www.sincomam.org.br\/index.php\/sincomam-no-v-congresso-portuario-e-aquaviario\/","title":{"rendered":"SINCOMAM NO V CONGRESSO PORTU\u00c1RIO E AQUAVI\u00c1RIO"},"content":{"rendered":"\n<figure class=\"wp-block-image\"><img fetchpriority=\"high\" decoding=\"async\" width=\"336\" height=\"382\" src=\"https:\/\/www.sincomam.org.br\/wp-content\/uploads\/2019\/06\/IMG_20190611_072110662_III-1.jpg\" alt=\"\" class=\"wp-image-27959\" srcset=\"https:\/\/www.sincomam.org.br\/wp-content\/uploads\/2019\/06\/IMG_20190611_072110662_III-1.jpg 336w, https:\/\/www.sincomam.org.br\/wp-content\/uploads\/2019\/06\/IMG_20190611_072110662_III-1-264x300.jpg 264w\" sizes=\"(max-width: 336px) 100vw, 336px\" \/><\/figure>\n\n\n\n<p>Nos dias 11, 12 e 13 de junho ocorreu o V Congresso Nacional de Seguran\u00e7a e Sa\u00fade no Trabalho Portu\u00e1rio e Aquavi\u00e1rio, na cidade de Recife &#8211; PE. O evento foi realizado pela FUNDACENTRO institui\u00e7\u00e3o atualmente vinculada ao Minist\u00e9rio da Economia em parceria com v\u00e1rias entidades da sociedade civil organizada, inclusive com a colabora\u00e7\u00e3o do SINCOMAM que foi representado pelo seu coordenador F\u00e1bio Bastos.<\/p>\n\n\n\n<figure class=\"wp-block-image\"><img decoding=\"async\" width=\"1024\" height=\"576\" src=\"https:\/\/www.sincomam.org.br\/wp-content\/uploads\/2019\/06\/D8yWSDtWkAAZA5m-1024x576.jpg\" alt=\"\" class=\"wp-image-27960\" srcset=\"https:\/\/www.sincomam.org.br\/wp-content\/uploads\/2019\/06\/D8yWSDtWkAAZA5m-1024x576.jpg 1024w, https:\/\/www.sincomam.org.br\/wp-content\/uploads\/2019\/06\/D8yWSDtWkAAZA5m-300x169.jpg 300w, https:\/\/www.sincomam.org.br\/wp-content\/uploads\/2019\/06\/D8yWSDtWkAAZA5m-768x432.jpg 768w, https:\/\/www.sincomam.org.br\/wp-content\/uploads\/2019\/06\/D8yWSDtWkAAZA5m.jpg 1032w\" sizes=\"(max-width: 1024px) 100vw, 1024px\" \/><\/figure>\n\n\n\n<p>O evento tamb\u00e9m contou a com a presen\u00e7a de representantes do Governo do Estado de Pernambuco e das Prefeituras do Recife e Olinda, Marinha do Brasil, Minist\u00e9rio P\u00fablico do Trabalho, Tribunal Regional do Trabalho da 6\u00aa Regi\u00e3o, Minist\u00e9rio da Sa\u00fade, operadores portu\u00e1rios, entidades representativas dos trabalhadores portu\u00e1rios e aquavi\u00e1rios.<\/p>\n\n\n\n<p>O Congresso tratou de temas ligados as Normas Regulamentadoras de Seguran\u00e7a e Sa\u00fade no Trabalho Portu\u00e1rio (NR 29) e Aquavi\u00e1rio (NR 30). <\/p>\n\n\n\n<figure class=\"wp-block-image\"><img decoding=\"async\" width=\"1024\" height=\"576\" src=\"https:\/\/www.sincomam.org.br\/wp-content\/uploads\/2019\/06\/D8yWMFlXoAAoa0g-1024x576.jpg\" alt=\"\" class=\"wp-image-27961\" srcset=\"https:\/\/www.sincomam.org.br\/wp-content\/uploads\/2019\/06\/D8yWMFlXoAAoa0g-1024x576.jpg 1024w, https:\/\/www.sincomam.org.br\/wp-content\/uploads\/2019\/06\/D8yWMFlXoAAoa0g-300x169.jpg 300w, https:\/\/www.sincomam.org.br\/wp-content\/uploads\/2019\/06\/D8yWMFlXoAAoa0g-768x432.jpg 768w, https:\/\/www.sincomam.org.br\/wp-content\/uploads\/2019\/06\/D8yWMFlXoAAoa0g.jpg 1032w\" sizes=\"(max-width: 1024px) 100vw, 1024px\" \/><\/figure>\n\n\n\n<p>Os tr\u00eas dias foram muito intensos, contando com a presen\u00e7a de aproximadamente 900 participantes, nas palestras, confer\u00eancias e apresenta\u00e7\u00e3o de trabalhos de pesquisas.<\/p>\n\n\n\n<p>Foram destacados os avan\u00e7os tecnol\u00f3gicos e seus impactos nas atividades laborais. A necessidade de investimento na qualifica\u00e7\u00e3o dos trabalhadores e a estimula\u00e7\u00e3o dos mesmos na participa\u00e7\u00e3o do processo educacional frente a evolu\u00e7\u00e3o tecnol\u00f3gica. A urg\u00eancia na amplia\u00e7\u00e3o da estrutura de fiscaliza\u00e7\u00e3o do cumprimento das Normas Regulamentadoras, al\u00e9m da atualiza\u00e7\u00e3o da legisla\u00e7\u00e3o para que sejam preenchidas lacunas que ainda existem no ordenamento jur\u00eddico brasileiro, para que os trabalhadores fiquem melhor resguardados.<\/p>\n\n\n\n<p>Ao final do evento ficou definido a elabora\u00e7\u00e3o de um documento que ser\u00e1 chamado &#8220;A Carta de Recife&#8221;.<\/p>\n\n\n\n<p><\/p>\n\n\n\n<p><\/p>\n\n\n\n<p><\/p>\n\n\n\n<p><\/p>\n","protected":false},"excerpt":{"rendered":"<p>Nos dias 11, 12 e 13 de junho ocorreu o V Congresso Nacional de Seguran\u00e7a e Sa\u00fade no Trabalho Portu\u00e1rio e Aquavi\u00e1rio, na cidade de&#8230;<\/p>\n","protected":false},"author":859,"featured_media":27954,"comment_status":"closed","ping_status":"closed","sticky":false,"template":"","format":"standard","meta":{"footnotes":""},"categories":[6],"tags":[],"class_list":["post-27950","post","type-post","status-publish","format-standard","has-post-thumbnail","hentry","category-noticias"],"_links":{"self":[{"href":"https:\/\/www.sincomam.org.br\/index.php\/wp-json\/wp\/v2\/posts\/27950","targetHints":{"allow":["GET"]}}],"collection":[{"href":"https:\/\/www.sincomam.org.br\/index.php\/wp-json\/wp\/v2\/posts"}],"about":[{"href":"https:\/\/www.sincomam.org.br\/index.php\/wp-json\/wp\/v2\/types\/post"}],"author":[{"embeddable":true,"href":"https:\/\/www.sincomam.org.br\/index.php\/wp-json\/wp\/v2\/users\/859"}],"replies":[{"embeddable":true,"href":"https:\/\/www.sincomam.org.br\/index.php\/wp-json\/wp\/v2\/comments?post=27950"}],"version-history":[{"count":3,"href":"https:\/\/www.sincomam.org.br\/index.php\/wp-json\/wp\/v2\/posts\/27950\/revisions"}],"predecessor-version":[{"id":27964,"href":"https:\/\/www.sincomam.org.br\/index.php\/wp-json\/wp\/v2\/posts\/27950\/revisions\/27964"}],"wp:featuredmedia":[{"embeddable":true,"href":"https:\/\/www.sincomam.org.br\/index.php\/wp-json\/wp\/v2\/media\/27954"}],"wp:attachment":[{"href":"https:\/\/www.sincomam.org.br\/index.php\/wp-json\/wp\/v2\/media?parent=27950"}],"wp:term":[{"taxonomy":"category","embeddable":true,"href":"https:\/\/www.sincomam.org.br\/index.php\/wp-json\/wp\/v2\/categories?post=27950"},{"taxonomy":"post_tag","embeddable":true,"href":"https:\/\/www.sincomam.org.br\/index.php\/wp-json\/wp\/v2\/tags?post=27950"}],"curies":[{"name":"wp","href":"https:\/\/api.w.org\/{rel}","templated":true}]}}