{"id":27936,"date":"2019-05-30T19:59:36","date_gmt":"2019-05-30T22:59:36","guid":{"rendered":"http:\/\/www.sincomam.org.br\/?p=27936"},"modified":"2019-05-30T20:12:13","modified_gmt":"2019-05-30T23:12:13","slug":"sincomam-marca-presenca-em-evento-inaugural","status":"publish","type":"post","link":"https:\/\/www.sincomam.org.br\/index.php\/sincomam-marca-presenca-em-evento-inaugural\/","title":{"rendered":"SINCOMAM EM BRAS\u00cdLIA"},"content":{"rendered":"\n<figure class=\"wp-block-image\"><img fetchpriority=\"high\" decoding=\"async\" width=\"585\" height=\"480\" src=\"https:\/\/www.sincomam.org.br\/wp-content\/uploads\/2019\/05\/IMG-20190530-WA0010_2.jpg\" alt=\"\" class=\"wp-image-27940\" srcset=\"https:\/\/www.sincomam.org.br\/wp-content\/uploads\/2019\/05\/IMG-20190530-WA0010_2.jpg 585w, https:\/\/www.sincomam.org.br\/wp-content\/uploads\/2019\/05\/IMG-20190530-WA0010_2-300x246.jpg 300w\" sizes=\"(max-width: 585px) 100vw, 585px\" \/><figcaption>Da esquerda para direita: Paulo Cesar &#8211; Presidente do SINDFOGO, Wallace R. Albernoz &#8211; Diretor do SINCOMAM, Luciano Ponce &#8211; Diretor Jur\u00eddico da FNTTAA e Severino A. Filho &#8211;  Presidente da CONTTMAF<\/figcaption><\/figure>\n\n\n\n<p style=\"text-align:left\">O SINCOMAM prestigiou o surgimento da Frente Parlamentar da Marinha Mercante, na \u00faltima ter\u00e7a-feira, dia 28\/05, em Bras\u00edlia. A Frente, oportunizada e incentivada pela Marinha do Brasil, \u00e9 presidida pelo deputado federal Hugo Leal \u2013 PSD\/RJ e conta com a participa\u00e7\u00e3o de deputados e senadores. Em seu evento inaugural tamb\u00e9m estavam presentes o Presidente da Rep\u00fablica, o Presidente do Supremo Tribunal Federal, o Comandante da Marinha &#8211; Almirante de Esquadra Ilques Barbosa, al\u00e9m de empres\u00e1rios do ramo e representantes de classe. <\/p>\n\n\n\n<p>No seu discurso, o Almirante Ilques Barbosa destacou a relev\u00e2ncia da Marinha Mercante, afirmando: \u201cSobreviv\u00eancia e prosperidade. Essas duas palavras conectam o poder mar\u00edtimo ao poder naval\u201d e acrescentou: \u201ca Marinha de Guerra existe para proteger a Marinha Mercante\u201d.<\/p>\n\n\n\n<p>O SINCOMAM acompanhar\u00e1 os trabalhos, postulando sempre que a Marinha Mercante Brasileira seja composta por mar\u00edtimos brasileiros, independentemente da bandeira arvorada em nossas \u00e1guas jurisdicionais. \u201cA plena retomada das atividades e o est\u00edmulo \u00e0 competitividade das empresas \u2013 resguardando o mercado e os interesses nacionais, \u00e9 o maior dos objetivos, neste momento\u201d, afirmou Wallace Albernoz, diretor do SINCOMAM . <\/p>\n","protected":false},"excerpt":{"rendered":"<p>O SINCOMAM prestigiou o surgimento da Frente Parlamentar da Marinha Mercante, na \u00faltima ter\u00e7a-feira, dia 28\/05, em Bras\u00edlia. A Frente, oportunizada e incentivada pela Marinha&#8230;<\/p>\n","protected":false},"author":859,"featured_media":27945,"comment_status":"closed","ping_status":"closed","sticky":false,"template":"","format":"standard","meta":{"footnotes":""},"categories":[6],"tags":[],"class_list":["post-27936","post","type-post","status-publish","format-standard","has-post-thumbnail","hentry","category-noticias"],"_links":{"self":[{"href":"https:\/\/www.sincomam.org.br\/index.php\/wp-json\/wp\/v2\/posts\/27936","targetHints":{"allow":["GET"]}}],"collection":[{"href":"https:\/\/www.sincomam.org.br\/index.php\/wp-json\/wp\/v2\/posts"}],"about":[{"href":"https:\/\/www.sincomam.org.br\/index.php\/wp-json\/wp\/v2\/types\/post"}],"author":[{"embeddable":true,"href":"https:\/\/www.sincomam.org.br\/index.php\/wp-json\/wp\/v2\/users\/859"}],"replies":[{"embeddable":true,"href":"https:\/\/www.sincomam.org.br\/index.php\/wp-json\/wp\/v2\/comments?post=27936"}],"version-history":[{"count":6,"href":"https:\/\/www.sincomam.org.br\/index.php\/wp-json\/wp\/v2\/posts\/27936\/revisions"}],"predecessor-version":[{"id":27947,"href":"https:\/\/www.sincomam.org.br\/index.php\/wp-json\/wp\/v2\/posts\/27936\/revisions\/27947"}],"wp:featuredmedia":[{"embeddable":true,"href":"https:\/\/www.sincomam.org.br\/index.php\/wp-json\/wp\/v2\/media\/27945"}],"wp:attachment":[{"href":"https:\/\/www.sincomam.org.br\/index.php\/wp-json\/wp\/v2\/media?parent=27936"}],"wp:term":[{"taxonomy":"category","embeddable":true,"href":"https:\/\/www.sincomam.org.br\/index.php\/wp-json\/wp\/v2\/categories?post=27936"},{"taxonomy":"post_tag","embeddable":true,"href":"https:\/\/www.sincomam.org.br\/index.php\/wp-json\/wp\/v2\/tags?post=27936"}],"curies":[{"name":"wp","href":"https:\/\/api.w.org\/{rel}","templated":true}]}}