{"id":27926,"date":"2019-05-20T17:56:15","date_gmt":"2019-05-20T20:56:15","guid":{"rendered":"http:\/\/www.sincomam.org.br\/?p=27926"},"modified":"2019-06-18T20:20:02","modified_gmt":"2019-06-18T23:20:02","slug":"v-congresso-portuario-e-aquaviario","status":"publish","type":"post","link":"https:\/\/www.sincomam.org.br\/index.php\/v-congresso-portuario-e-aquaviario\/","title":{"rendered":"V CONGRESSO PORTU\u00c1RIO E AQUAVI\u00c1RIO"},"content":{"rendered":"\n<p>A FUNDACENTRO, institui\u00e7\u00e3o atualmente vinculada ao Minist\u00e9rio da Economia, realiza em parceria com v\u00e1rias entidades da sociedade civil organizada, inclusive com a colabora\u00e7\u00e3o do SINCOMAM. O <strong>V&nbsp;Congresso Nacional de Seguran\u00e7a e Sa\u00fade no Trabalho Portu\u00e1rio e Aquavi\u00e1rio<\/strong>.<\/p>\n\n\n\n<p>Durante o evento, que ocorre de 11 a 13 de junho, ser\u00e1 debatida a aplicabilidade das Normas Regulamentadoras de Seguran\u00e7a e Sa\u00fade no Trabalho Portu\u00e1rio (NR 29) e Aquavi\u00e1rio (NR 30). O V Congresso ser\u00e1 realizado no Mar Hotel Conventions, localizado na Rua Bar\u00e3o de Souza Le\u00e3o, 451 \u2013 Boa Viagem \u2013 Recife\/PE.<\/p>\n\n\n\n<p>A programa\u00e7\u00e3o traz especialistas de forma\u00e7\u00e3o diversificadas, com atua\u00e7\u00e3o no setor portu\u00e1rio e aquavi\u00e1rio, por meio de pesquisas, fiscaliza\u00e7\u00e3o, a\u00e7\u00f5es em SST ou outras experi\u00eancias. <a href=\"http:\/\/www.fundacentro.gov.br\/v-congresso-portuario-aquaviario\/programacao-03\" target=\"_blank\" rel=\"noreferrer noopener\">Acesse a programa\u00e7\u00e3o geral do evento.<\/a><\/p>\n\n\n\n<p>O V Congresso Nacional de Seguran\u00e7a e Sa\u00fade no Trabalho Portu\u00e1rio e Aquavi\u00e1rio est\u00e1 com inscri\u00e7\u00f5es abertas e agora, al\u00e9m de <a href=\"http:\/\/www.fundacentro.gov.br\/v-congresso-portuario-aquaviario\/inscricoes\" target=\"_blank\" rel=\"noreferrer noopener\">inscri\u00e7\u00f5es pelo site da Fundacentro<\/a>, tamb\u00e9m ser\u00e1 poss\u00edvel se inscrever por e-mail (eventos.crpe@fundacentro.gov.br). Basta enviar nome completo, empresa, fun\u00e7\u00e3o, cidade\/estado, telefone, e-mail.<\/p>\n","protected":false},"excerpt":{"rendered":"<p>A FUNDACENTRO, institui\u00e7\u00e3o atualmente vinculada ao Minist\u00e9rio da Economia, realiza em parceria com v\u00e1rias entidades da sociedade civil organizada, inclusive com a colabora\u00e7\u00e3o do SINCOMAM&#8230;.<\/p>\n","protected":false},"author":859,"featured_media":27929,"comment_status":"closed","ping_status":"closed","sticky":false,"template":"","format":"standard","meta":{"footnotes":""},"categories":[6],"tags":[],"class_list":["post-27926","post","type-post","status-publish","format-standard","has-post-thumbnail","hentry","category-noticias"],"_links":{"self":[{"href":"https:\/\/www.sincomam.org.br\/index.php\/wp-json\/wp\/v2\/posts\/27926","targetHints":{"allow":["GET"]}}],"collection":[{"href":"https:\/\/www.sincomam.org.br\/index.php\/wp-json\/wp\/v2\/posts"}],"about":[{"href":"https:\/\/www.sincomam.org.br\/index.php\/wp-json\/wp\/v2\/types\/post"}],"author":[{"embeddable":true,"href":"https:\/\/www.sincomam.org.br\/index.php\/wp-json\/wp\/v2\/users\/859"}],"replies":[{"embeddable":true,"href":"https:\/\/www.sincomam.org.br\/index.php\/wp-json\/wp\/v2\/comments?post=27926"}],"version-history":[{"count":2,"href":"https:\/\/www.sincomam.org.br\/index.php\/wp-json\/wp\/v2\/posts\/27926\/revisions"}],"predecessor-version":[{"id":27930,"href":"https:\/\/www.sincomam.org.br\/index.php\/wp-json\/wp\/v2\/posts\/27926\/revisions\/27930"}],"wp:featuredmedia":[{"embeddable":true,"href":"https:\/\/www.sincomam.org.br\/index.php\/wp-json\/wp\/v2\/media\/27929"}],"wp:attachment":[{"href":"https:\/\/www.sincomam.org.br\/index.php\/wp-json\/wp\/v2\/media?parent=27926"}],"wp:term":[{"taxonomy":"category","embeddable":true,"href":"https:\/\/www.sincomam.org.br\/index.php\/wp-json\/wp\/v2\/categories?post=27926"},{"taxonomy":"post_tag","embeddable":true,"href":"https:\/\/www.sincomam.org.br\/index.php\/wp-json\/wp\/v2\/tags?post=27926"}],"curies":[{"name":"wp","href":"https:\/\/api.w.org\/{rel}","templated":true}]}}