{"id":27730,"date":"2018-10-08T15:49:36","date_gmt":"2018-10-08T18:49:36","guid":{"rendered":"http:\/\/www.sincomam.org.br\/?p=27730"},"modified":"2019-05-14T14:25:10","modified_gmt":"2019-05-14T17:25:10","slug":"dia-maritimo-mundial-2018","status":"publish","type":"post","link":"https:\/\/www.sincomam.org.br\/index.php\/dia-maritimo-mundial-2018\/","title":{"rendered":"DIA MAR\u00cdTIMO MUNDIAL 2018"},"content":{"rendered":"<p><a href=\"https:\/\/www.sincomam.org.br\/wp-content\/uploads\/2018\/10\/DSC01244.jpg\"><img fetchpriority=\"high\" decoding=\"async\" class=\"alignnone size-medium wp-image-27731\" src=\"https:\/\/www.sincomam.org.br\/wp-content\/uploads\/2018\/10\/DSC01244-300x225.jpg\" alt=\"\" width=\"300\" height=\"225\" srcset=\"https:\/\/www.sincomam.org.br\/wp-content\/uploads\/2018\/10\/DSC01244-300x225.jpg 300w, https:\/\/www.sincomam.org.br\/wp-content\/uploads\/2018\/10\/DSC01244-768x576.jpg 768w, https:\/\/www.sincomam.org.br\/wp-content\/uploads\/2018\/10\/DSC01244-1024x768.jpg 1024w\" sizes=\"(max-width: 300px) 100vw, 300px\" \/><\/a><\/p>\n<p>No dia 28\/09, a diretoria do SINCOMAM esteve presente na solenidade alusiva ao Dia Mar\u00edtimo Mundial, que neste ano ocorreu na Pra\u00e7a Mau\u00e1 na cidade do Rio de Janeiro. A comemora\u00e7\u00e3o foi criada pela IMO, que \u00e9 a ag\u00eancia especializada da ONU respons\u00e1vel pelo estabelecimento de padr\u00f5es internacionais visando \u00e0 prote\u00e7\u00e3o e seguran\u00e7a do transporte mar\u00edtimo e \u00e0 preven\u00e7\u00e3o da polui\u00e7\u00e3o do meio ambiente marinho por navios.<\/p>\n<p>Na data, a IMO tamb\u00e9m comemorou os 70 anos da conven\u00e7\u00e3o internacional que instituiu a ag\u00eancia.<\/p>\n<p class=\"rtejustify\">Hoje, congregando 173 estados membros, 65 outras organiza\u00e7\u00f5es intergovernamentais com as quais mant\u00e9m acordos de coopera\u00e7\u00e3o em assuntos de interesse comum e 77 organiza\u00e7\u00f5es n\u00e3o governamentais com status consultivo, a IMO \u00e9, inegavelmente, a maior fonte de regulamenta\u00e7\u00e3o do transporte mar\u00edtimo internacional, abrangendo, dentre outros aspectos: projeto, constru\u00e7\u00e3o, aparelhamento, tripula\u00e7\u00e3o, opera\u00e7\u00e3o e reciclagem de navios; requisitos m\u00ednimos para capacita\u00e7\u00e3o de tripulantes; considera\u00e7\u00f5es sobre o embarque de cargas e de produtos perigosos, a fim de garantir que esse setor vital, respons\u00e1vel por mais de 80% do com\u00e9rcio global em volume e mais de 70% em valor, se mantenha seguro, protegido, ambientalmente adequado e eficiente do ponto de vista energ\u00e9tico.<\/p>\n<p class=\"rtejustify\">O Brasil \u00e9 membro da IMO desde 1963 e, desde 1967, integra o Conselho, para o qual tem sido sucessivamente reeleito na categoria \u201cB\u201d, que re\u00fane dez dos estados membros com maior interesse no com\u00e9rcio mar\u00edtimo internacional.<\/p>\n<p>No evento tamb\u00e9m estiveram presentes o Comandante da Marinha do Brasil, Almirante de Esquadra Eduardo Bacellar Leal Ferreira e demais autoridades mar\u00edtimas, assim como representantes das empresas do setor mar\u00edtimo.<\/p>\n","protected":false},"excerpt":{"rendered":"<p>No dia 28\/09, a diretoria do SINCOMAM esteve presente na solenidade alusiva ao Dia Mar\u00edtimo Mundial, que neste ano ocorreu na Pra\u00e7a Mau\u00e1 na cidade&#8230;<\/p>\n","protected":false},"author":859,"featured_media":27738,"comment_status":"closed","ping_status":"closed","sticky":false,"template":"","format":"standard","meta":{"footnotes":""},"categories":[6],"tags":[],"class_list":["post-27730","post","type-post","status-publish","format-standard","has-post-thumbnail","hentry","category-noticias"],"_links":{"self":[{"href":"https:\/\/www.sincomam.org.br\/index.php\/wp-json\/wp\/v2\/posts\/27730","targetHints":{"allow":["GET"]}}],"collection":[{"href":"https:\/\/www.sincomam.org.br\/index.php\/wp-json\/wp\/v2\/posts"}],"about":[{"href":"https:\/\/www.sincomam.org.br\/index.php\/wp-json\/wp\/v2\/types\/post"}],"author":[{"embeddable":true,"href":"https:\/\/www.sincomam.org.br\/index.php\/wp-json\/wp\/v2\/users\/859"}],"replies":[{"embeddable":true,"href":"https:\/\/www.sincomam.org.br\/index.php\/wp-json\/wp\/v2\/comments?post=27730"}],"version-history":[{"count":3,"href":"https:\/\/www.sincomam.org.br\/index.php\/wp-json\/wp\/v2\/posts\/27730\/revisions"}],"predecessor-version":[{"id":27897,"href":"https:\/\/www.sincomam.org.br\/index.php\/wp-json\/wp\/v2\/posts\/27730\/revisions\/27897"}],"wp:featuredmedia":[{"embeddable":true,"href":"https:\/\/www.sincomam.org.br\/index.php\/wp-json\/wp\/v2\/media\/27738"}],"wp:attachment":[{"href":"https:\/\/www.sincomam.org.br\/index.php\/wp-json\/wp\/v2\/media?parent=27730"}],"wp:term":[{"taxonomy":"category","embeddable":true,"href":"https:\/\/www.sincomam.org.br\/index.php\/wp-json\/wp\/v2\/categories?post=27730"},{"taxonomy":"post_tag","embeddable":true,"href":"https:\/\/www.sincomam.org.br\/index.php\/wp-json\/wp\/v2\/tags?post=27730"}],"curies":[{"name":"wp","href":"https:\/\/api.w.org\/{rel}","templated":true}]}}