{"id":27582,"date":"2018-07-31T09:01:42","date_gmt":"2018-07-31T12:01:42","guid":{"rendered":"http:\/\/www.sincomam.org.br\/?p=27582"},"modified":"2018-07-31T09:01:42","modified_gmt":"2018-07-31T12:01:42","slug":"prumo-estuda-disputar-leilao-a-6-para-expandir-geracao-termica-no-acu-diz-ceo","status":"publish","type":"post","link":"https:\/\/www.sincomam.org.br\/index.php\/prumo-estuda-disputar-leilao-a-6-para-expandir-geracao-termica-no-acu-diz-ceo\/","title":{"rendered":"Prumo estuda disputar leil\u00e3o A-6 para expandir gera\u00e7\u00e3o t\u00e9rmica no A\u00e7u, diz CEO"},"content":{"rendered":"<p>A Prumo Log\u00edstica poder\u00e1 disputar o pr\u00f3ximo leil\u00e3o de energia do governo em agosto, o chamado certame &#8220;A-6&#8221;, que contratar\u00e1 projetos de gera\u00e7\u00e3o, para tentar viabilizar uma nova termel\u00e9trica no Porto do A\u00e7u, em S\u00e3o Jo\u00e3o da Barra, no Estado do Rio de Janeiro, onde j\u00e1 possui projetos em andamento, afirmou nesta segunda-feira o presidente da companhia, Jos\u00e9 Magela.<\/p>\n<p>&#8220;Hoje n\u00f3s temos duas t\u00e9rmicas (j\u00e1 contratadas), mais ou menos 3 mil megawatts (em capacidade). Temos licenciados, (junto ao \u00f3rg\u00e3o ambiental estadual, um total de) 6,4 mil megawatts. Ent\u00e3o temos ainda 3,4 mil megawatts para crescer. E a nossa inten\u00e7\u00e3o \u00e9 chegar l\u00e1&#8221;, disse o executivo a jornalistas, sem entrar em detalhes sobre suas estrat\u00e9gias.<\/p>\n<p>Magela fez as declara\u00e7\u00f5es ao deixar evento de autoriza\u00e7\u00e3o para a implanta\u00e7\u00e3o da usina termel\u00e9trica conhecida como GNA II, no Porto do A\u00e7u, com a presen\u00e7a do ministro de Minas e Energia, Moreira Franco.<\/p>\n<p>A GNA II, de 1,673 mil MW, foi uma das vencedoras do leil\u00e3o A-6 em 2017. Suas obras est\u00e3o previstas para serem iniciadas em 2019 e o in\u00edcio de sua opera\u00e7\u00e3o, para 2023. O investimento total do projeto est\u00e1 estimado em 4,1 bilh\u00f5es de reais.<\/p>\n<p>Magela explicou que ir\u00e1 iniciar um processo de financiamento para a t\u00e9rmica, junto a bancos estrangeiros, no pr\u00f3ximo ano. A empresa tamb\u00e9m contar\u00e1 com financiamento do Banco Nacional de Desenvolvimento Econ\u00f4mico e Social (BNDES), afirmou.<\/p>\n<p>A GNA II ser\u00e1 a segunda a entrar em constru\u00e7\u00e3o no Porto do A\u00e7u. Em mar\u00e7o deste ano, foram iniciadas as obras da GNA I, de 1,3 MW, que deve come\u00e7ar a operar em janeiro de 2021.<\/p>\n<p>At\u00e9 2023, ser\u00e3o investidos 8 bilh\u00f5es de reais no desenvolvimento das duas termel\u00e9tricas a g\u00e1s e de um terminal de regaseifica\u00e7\u00e3o, com capacidade para 42 milh\u00f5es metros c\u00fabicos por dia, cuja constru\u00e7\u00e3o dever\u00e1 ser iniciada neste semestre, segundo informa\u00e7\u00f5es da companhia.<\/p>\n<p>O executivo sinalizou ainda a necessidade de investir em nova linha de transmiss\u00e3o no porto.<\/p>\n<p>&#8220;N\u00f3s j\u00e1 temos no A\u00e7u uma linha de 345 kilovolts constru\u00edda e essa ser\u00e1 suficiente para a primeira t\u00e9rmica. Para a segunda t\u00e9rmica&#8230; n\u00f3s precisamos construir uma linha de 500 kilovolts&#8221;, disse Magela, explicando que &#8220;n\u00e3o necessariamente&#8221; ir\u00e1 entrar em um leil\u00e3o de transmiss\u00e3o para viabilizar a obra.<\/p>\n<p>A instala\u00e7\u00e3o do terminal e das termel\u00e9tricas \u00e9 parte do A\u00e7u G\u00e1s Hub, que ser\u00e1 desenvolvido no Complexo Portu\u00e1rio do A\u00e7u. O Hub \u00e9 uma solu\u00e7\u00e3o privada para escoamento, processamento e monetiza\u00e7\u00e3o de g\u00e1s natural dos campos produtores das bacias de Campos e Santos, contribuindo para o escoamento do g\u00e1s.<\/p>\n<p>Fonte: Terra<\/p>\n","protected":false},"excerpt":{"rendered":"<p>A Prumo Log\u00edstica poder\u00e1 disputar o pr\u00f3ximo leil\u00e3o de energia do governo em agosto, o chamado certame &#8220;A-6&#8221;, que contratar\u00e1 projetos de gera\u00e7\u00e3o, para tentar&#8230;<\/p>\n","protected":false},"author":1182,"featured_media":17225,"comment_status":"closed","ping_status":"closed","sticky":false,"template":"","format":"standard","meta":{"footnotes":""},"categories":[6],"tags":[],"class_list":["post-27582","post","type-post","status-publish","format-standard","has-post-thumbnail","hentry","category-noticias"],"_links":{"self":[{"href":"https:\/\/www.sincomam.org.br\/index.php\/wp-json\/wp\/v2\/posts\/27582","targetHints":{"allow":["GET"]}}],"collection":[{"href":"https:\/\/www.sincomam.org.br\/index.php\/wp-json\/wp\/v2\/posts"}],"about":[{"href":"https:\/\/www.sincomam.org.br\/index.php\/wp-json\/wp\/v2\/types\/post"}],"author":[{"embeddable":true,"href":"https:\/\/www.sincomam.org.br\/index.php\/wp-json\/wp\/v2\/users\/1182"}],"replies":[{"embeddable":true,"href":"https:\/\/www.sincomam.org.br\/index.php\/wp-json\/wp\/v2\/comments?post=27582"}],"version-history":[{"count":1,"href":"https:\/\/www.sincomam.org.br\/index.php\/wp-json\/wp\/v2\/posts\/27582\/revisions"}],"predecessor-version":[{"id":27583,"href":"https:\/\/www.sincomam.org.br\/index.php\/wp-json\/wp\/v2\/posts\/27582\/revisions\/27583"}],"wp:featuredmedia":[{"embeddable":true,"href":"https:\/\/www.sincomam.org.br\/index.php\/wp-json\/wp\/v2\/media\/17225"}],"wp:attachment":[{"href":"https:\/\/www.sincomam.org.br\/index.php\/wp-json\/wp\/v2\/media?parent=27582"}],"wp:term":[{"taxonomy":"category","embeddable":true,"href":"https:\/\/www.sincomam.org.br\/index.php\/wp-json\/wp\/v2\/categories?post=27582"},{"taxonomy":"post_tag","embeddable":true,"href":"https:\/\/www.sincomam.org.br\/index.php\/wp-json\/wp\/v2\/tags?post=27582"}],"curies":[{"name":"wp","href":"https:\/\/api.w.org\/{rel}","templated":true}]}}