{"id":27578,"date":"2018-07-31T08:59:48","date_gmt":"2018-07-31T11:59:48","guid":{"rendered":"http:\/\/www.sincomam.org.br\/?p=27578"},"modified":"2018-07-31T08:59:48","modified_gmt":"2018-07-31T11:59:48","slug":"governo-vai-pedir-a-petrobras-que-suspenda-parada-na-plataforma-de-mexilhao","status":"publish","type":"post","link":"https:\/\/www.sincomam.org.br\/index.php\/governo-vai-pedir-a-petrobras-que-suspenda-parada-na-plataforma-de-mexilhao\/","title":{"rendered":"Governo vai pedir \u00e0 Petrobr\u00e1s que suspenda parada na plataforma de Mexilh\u00e3o"},"content":{"rendered":"<p>O ministro de Minas e Energia, Moreira Franco, confirmou que vai &#8220;fazer um apelo&#8221; para que a Petrobr\u00e1s suspenda uma parada programada da plataforma de Mexilh\u00e3o, produtora de g\u00e1s natural na bacia de Santos, anunciada na semana passada pela empresa, decis\u00e3o tomada em conjunto com o Operador Nacional do Sistema El\u00e9trico (ONS).<\/p>\n<p>A Petrobr\u00e1s argumenta que escolheu esse per\u00edodo justamente pela redu\u00e7\u00e3o da demanda em rela\u00e7\u00e3o ao ver\u00e3o, quando o ar condicionado aumenta expressivamente o consumo de energia no Pa\u00eds.\u00a0<\/p>\n<p>Plataforma de mexilh\u00e3o<\/p>\n<p>Ele afirmou que vai pedir ao presidente da estatal, Ivan Monteiro, em reuni\u00e3o na noite desta segunda-feira, que considere a hip\u00f3tese de adiar &#8220;por um ou tr\u00eas meses&#8221; a manuten\u00e7\u00e3o e as obras de expans\u00e3o do escoamento de g\u00e1s da bacia.<\/p>\n<p>&#8220;Isso n\u00e3o \u00e9 pelo fato de a Petrobr\u00e1s ser uma empresa p\u00fablica, se fosse uma empresa privada, pelo impacto que isso provoca por causa da situa\u00e7\u00e3o hidrol\u00f3gica, faria o apelo em benef\u00edcio da sociedade brasileira, para escolher um per\u00edodo melhor&#8221;, disse o ministro ao participar da reuni\u00e3o do Conselho de Energia da Federa\u00e7\u00e3o das Ind\u00fastrias do Rio de Janeiro (Firjan), onde foi assinada a autoriza\u00e7\u00e3o para constru\u00e7\u00e3o de uma termel\u00e9trica de 1.673 megawatts de capacidade instalada no Porto do A\u00e7u, no Norte Fluminense.<\/p>\n<p>Ele afirmou ainda que far\u00e1 esfor\u00e7os para que uma ferrovia seja constru\u00edda ligando o Rio a Vit\u00f3ria e passando pelo porto, como estava planejado, mas que n\u00e3o foi adiante. Segundo Moreira, a ferrovia dependia da constru\u00e7\u00e3o do Complexo Petroqu\u00edmico do Rio (Comperj), e com o atraso dessa obra, n\u00e3o foi poss\u00edvel faz\u00ea-la.<\/p>\n<p>&#8220;Deve se fazer uma press\u00e3o o mais r\u00e1pido poss\u00edvel para a Petrobras retomar o Comperj&#8221;, disse durante palestra no evento.<\/p>\n<p>Fonte: Folha SP<\/p>\n","protected":false},"excerpt":{"rendered":"<p>O ministro de Minas e Energia, Moreira Franco, confirmou que vai &#8220;fazer um apelo&#8221; para que a Petrobr\u00e1s suspenda uma parada programada da plataforma de&#8230;<\/p>\n","protected":false},"author":1182,"featured_media":17800,"comment_status":"closed","ping_status":"closed","sticky":false,"template":"","format":"standard","meta":{"footnotes":""},"categories":[6],"tags":[],"class_list":["post-27578","post","type-post","status-publish","format-standard","has-post-thumbnail","hentry","category-noticias"],"_links":{"self":[{"href":"https:\/\/www.sincomam.org.br\/index.php\/wp-json\/wp\/v2\/posts\/27578","targetHints":{"allow":["GET"]}}],"collection":[{"href":"https:\/\/www.sincomam.org.br\/index.php\/wp-json\/wp\/v2\/posts"}],"about":[{"href":"https:\/\/www.sincomam.org.br\/index.php\/wp-json\/wp\/v2\/types\/post"}],"author":[{"embeddable":true,"href":"https:\/\/www.sincomam.org.br\/index.php\/wp-json\/wp\/v2\/users\/1182"}],"replies":[{"embeddable":true,"href":"https:\/\/www.sincomam.org.br\/index.php\/wp-json\/wp\/v2\/comments?post=27578"}],"version-history":[{"count":1,"href":"https:\/\/www.sincomam.org.br\/index.php\/wp-json\/wp\/v2\/posts\/27578\/revisions"}],"predecessor-version":[{"id":27579,"href":"https:\/\/www.sincomam.org.br\/index.php\/wp-json\/wp\/v2\/posts\/27578\/revisions\/27579"}],"wp:featuredmedia":[{"embeddable":true,"href":"https:\/\/www.sincomam.org.br\/index.php\/wp-json\/wp\/v2\/media\/17800"}],"wp:attachment":[{"href":"https:\/\/www.sincomam.org.br\/index.php\/wp-json\/wp\/v2\/media?parent=27578"}],"wp:term":[{"taxonomy":"category","embeddable":true,"href":"https:\/\/www.sincomam.org.br\/index.php\/wp-json\/wp\/v2\/categories?post=27578"},{"taxonomy":"post_tag","embeddable":true,"href":"https:\/\/www.sincomam.org.br\/index.php\/wp-json\/wp\/v2\/tags?post=27578"}],"curies":[{"name":"wp","href":"https:\/\/api.w.org\/{rel}","templated":true}]}}