{"id":27547,"date":"2018-07-27T00:21:27","date_gmt":"2018-07-27T03:21:27","guid":{"rendered":"http:\/\/www.sincomam.org.br\/?p=27547"},"modified":"2018-07-23T17:22:00","modified_gmt":"2018-07-23T20:22:00","slug":"exportacao-de-soja-do-brasil-deve-ir-a-recorde-de-75-mi-t-no-proximo-ano-diz-safras","status":"publish","type":"post","link":"https:\/\/www.sincomam.org.br\/index.php\/exportacao-de-soja-do-brasil-deve-ir-a-recorde-de-75-mi-t-no-proximo-ano-diz-safras\/","title":{"rendered":"Exporta\u00e7\u00e3o de soja do Brasil deve ir a recorde de 75 mi t no pr\u00f3ximo ano, diz Safras"},"content":{"rendered":"<p>As exporta\u00e7\u00f5es brasileiras de soja devem crescer no pr\u00f3ximo ano para um novo recorde, de 75 milh\u00f5es de toneladas, projetou nesta sexta-feira a Safras &amp; Mercado, em meio a um cen\u00e1rio de produ\u00e7\u00e3o novamente volumosa.<\/p>\n<p>De acordo com a consultoria, que considera em sua estimativa o ano comercial 2019\/20, de fevereiro a janeiro, os embarques representariam aumento de 1 por cento ante os 74,5 milh\u00f5es de toneladas previstos para o atual ciclo 2018\/19. O Brasil \u00e9 o maior exportador global da oleaginosa em gr\u00e3o.<\/p>\n<p>A proje\u00e7\u00e3o se d\u00e1 em meio a expectativas de uma produ\u00e7\u00e3o recorde no ano que vem, de quase 120 milh\u00f5es de toneladas, conforme a Safras.<\/p>\n<p>A consultoria n\u00e3o cita justificativas para suas previs\u00f5es, mas as exporta\u00e7\u00f5es recordes tamb\u00e9m podem incorporar o potencial de uma maior demanda da China, que trava uma guerra comercial com os Estados Unidos, incluindo a aplica\u00e7\u00e3o de taxas sobre a compra de soja norte-americana.<\/p>\n<p>De acordo com a Safras, o esmagamento de soja no Brasil no pr\u00f3ximo ano ser\u00e1 de 44 milh\u00f5es de toneladas, aumento de 2 por cento na compara\u00e7\u00e3o com a atual temporada. Os estoques ao t\u00e9rmino do ciclo seguinte devem cair para 429 mil toneladas, de 2,5 milh\u00f5es, em raz\u00e3o das exporta\u00e7\u00f5es e tamb\u00e9m de um consumo 1 por cento superior.<\/p>\n<p>DERIVADOS<\/p>\n<p>A Safras prev\u00ea uma produ\u00e7\u00e3o de farelo de soja de 33,47 milh\u00f5es de toneladas no pr\u00f3ximo ano, alta de 2 por cento, mas com exporta\u00e7\u00f5es 13 por cento menores, em 15 milh\u00f5es de toneladas<\/p>\n<p>No caso do \u00f3leo de soja, a expectativa da consultoria \u00e9 de produ\u00e7\u00e3o de 8,735 milh\u00f5es de toneladas, com embarques de 1,1 milh\u00e3o de toneladas, recuo de 8 por cento.<\/p>\n<p>Os estoques finais de farelo e \u00f3leo no ano que vem devem somar 2,142 milh\u00f5es e 114 mil toneladas, respectivamente.<\/p>\n<p>Fonte: Reuters<\/p>\n","protected":false},"excerpt":{"rendered":"<p>As exporta\u00e7\u00f5es brasileiras de soja devem crescer no pr\u00f3ximo ano para um novo recorde, de 75 milh\u00f5es de toneladas, projetou nesta sexta-feira a Safras &amp;&#8230;<\/p>\n","protected":false},"author":1182,"featured_media":18822,"comment_status":"closed","ping_status":"closed","sticky":false,"template":"","format":"standard","meta":{"footnotes":""},"categories":[6],"tags":[],"class_list":["post-27547","post","type-post","status-publish","format-standard","has-post-thumbnail","hentry","category-noticias"],"_links":{"self":[{"href":"https:\/\/www.sincomam.org.br\/index.php\/wp-json\/wp\/v2\/posts\/27547","targetHints":{"allow":["GET"]}}],"collection":[{"href":"https:\/\/www.sincomam.org.br\/index.php\/wp-json\/wp\/v2\/posts"}],"about":[{"href":"https:\/\/www.sincomam.org.br\/index.php\/wp-json\/wp\/v2\/types\/post"}],"author":[{"embeddable":true,"href":"https:\/\/www.sincomam.org.br\/index.php\/wp-json\/wp\/v2\/users\/1182"}],"replies":[{"embeddable":true,"href":"https:\/\/www.sincomam.org.br\/index.php\/wp-json\/wp\/v2\/comments?post=27547"}],"version-history":[{"count":1,"href":"https:\/\/www.sincomam.org.br\/index.php\/wp-json\/wp\/v2\/posts\/27547\/revisions"}],"predecessor-version":[{"id":27548,"href":"https:\/\/www.sincomam.org.br\/index.php\/wp-json\/wp\/v2\/posts\/27547\/revisions\/27548"}],"wp:featuredmedia":[{"embeddable":true,"href":"https:\/\/www.sincomam.org.br\/index.php\/wp-json\/wp\/v2\/media\/18822"}],"wp:attachment":[{"href":"https:\/\/www.sincomam.org.br\/index.php\/wp-json\/wp\/v2\/media?parent=27547"}],"wp:term":[{"taxonomy":"category","embeddable":true,"href":"https:\/\/www.sincomam.org.br\/index.php\/wp-json\/wp\/v2\/categories?post=27547"},{"taxonomy":"post_tag","embeddable":true,"href":"https:\/\/www.sincomam.org.br\/index.php\/wp-json\/wp\/v2\/tags?post=27547"}],"curies":[{"name":"wp","href":"https:\/\/api.w.org\/{rel}","templated":true}]}}