{"id":27545,"date":"2018-07-27T00:20:15","date_gmt":"2018-07-27T03:20:15","guid":{"rendered":"http:\/\/www.sincomam.org.br\/?p=27545"},"modified":"2018-07-23T17:21:10","modified_gmt":"2018-07-23T20:21:10","slug":"setor-de-combustiveis-ve-aspectos-positivos-em-decisao-da-anp-sobre-precos","status":"publish","type":"post","link":"https:\/\/www.sincomam.org.br\/index.php\/setor-de-combustiveis-ve-aspectos-positivos-em-decisao-da-anp-sobre-precos\/","title":{"rendered":"Setor de combust\u00edveis v\u00ea aspectos positivos em decis\u00e3o da ANP sobre pre\u00e7os"},"content":{"rendered":"<p>A decis\u00e3o da Ag\u00eancia Nacional do Petr\u00f3leo, G\u00e1s Natural e Biocombust\u00edveis (ANP) de descartar, ap\u00f3s uma consulta p\u00fablica, uma poss\u00edvel interven\u00e7\u00e3o na frequ\u00eancia de ajustes de pre\u00e7os dos combust\u00edveis da Petrobras, atendeu a pleitos do mercado, disseram nesta sexta-feira representantes do setor.<\/p>\n<p>Na v\u00e9spera, o diretor-geral da autarquia, D\u00e9cio Oddone, disse que o corpo t\u00e9cnico concluiu que \u201cmedidas relacionadas com o aumento da transpar\u00eancia e est\u00edmulo ao aumento da competitividade s\u00e3o muito mais eficientes do que a ado\u00e7\u00e3o de periodicidade m\u00ednima para repasse de reajustes\u201d.<\/p>\n<p>O an\u00fancio ocorreu como uma resposta \u00e0 paralisa\u00e7\u00e3o hist\u00f3rica de caminhoneiros de 11 dias em maio, que causou grandes preju\u00edzos \u00e0 economia brasileira. Na ocasi\u00e3o, os manifestantes protestavam contra altos valores do diesel e demandavam maior previsibilidade.<\/p>\n<p>\u201cFoi \u00f3timo, este tinha sido exatamente o pleito da Plural e suas associadas&#8230; que fossem mantidas as regras de mercado, alinhando com pre\u00e7os internacionais, exatamente como estava sendo feito\u201d, disse Leonardo Gadotti, presidente da Plural, que representa as principais distribuidoras do Brasil.<\/p>\n<p>Gadotti tamb\u00e9m aprovou a decis\u00e3o da ANP de buscar medidas para atrair mais transpar\u00eancia para o setor, por meio de uma resolu\u00e7\u00e3o. Uma minuta deve ser colocada em audi\u00eancia p\u00fablica em cerca de 30 dias e a nova regula\u00e7\u00e3o j\u00e1 poder\u00e1 estar em vigor dentro de 60 dias, segundo a ag\u00eancia reguladora.<\/p>\n<p>Dentre as novas regras, dever\u00e1 ser estipulado que Petrobras publique pre\u00e7os por pontos de venda e n\u00e3o mais uma m\u00e9dia nacional aritm\u00e9tica como faz atualmente.<\/p>\n<p>Al\u00e9m disso, a Petrobras teria que publicar no dia o pre\u00e7o que est\u00e1 praticando e n\u00e3o mais um dia antes como ocorre hoje.<\/p>\n<p>Para Gadotti, no entanto, n\u00e3o seria oportuno que as distribuidoras estivessem submetidas a essa mesma regra de publica\u00e7\u00e3o, uma vez que consideram esses dados estrat\u00e9gicos. J\u00e1 a Petrobras, que det\u00e9m quase 100 por cento da capacidade de refino do pa\u00eds, precisa dar mais publicidade, segundo ele.<\/p>\n<p>A jornalistas, a ANP evitou fazer previs\u00f5es sobre quais agentes de mercado deveriam seguir as novas regras de publicidade de pre\u00e7os. O diretor-geral disse apenas que a ANP n\u00e3o regula somente a Petrobras, regula o mercado.<\/p>\n<p>Com a decis\u00e3o, a ag\u00eancia acabou por manter uma liberdade de pre\u00e7os defendida fortemente pelo ex-presidente da Petrobras Pedro Parente, amplamente apoiado pelo mercado e acionistas minorit\u00e1rios, que acabou por renunciar logo ap\u00f3s a greve, em meio \u00e0s press\u00f5es sobre sua pol\u00edtica.<\/p>\n<p>\u201cVemos a not\u00edcia como positiva para a Petrobras por reduzir preocupa\u00e7\u00f5es relacionadas \u00e0 interven\u00e7\u00e3o em sua pol\u00edtica de pre\u00e7os, al\u00e9m de enxergar uma leitura positiva para outros setores como o de distribui\u00e7\u00e3o de combust\u00edveis\u201d, disse a XP Investimentos, em relat\u00f3rio a clientes.<\/p>\n<p>A corretora ponderou, no entanto, que apesar do al\u00edvio de curto prazo, ainda v\u00ea \u201criscos para a sustentabilidade da pol\u00edtica de pre\u00e7os da Petrobras no futuro, principalmente tendo em vista a proximidade das elei\u00e7\u00f5es no Brasil\u201d.<\/p>\n<p>N\u00e3o foi poss\u00edvel falar com um representante dos caminhoneiros, que pediam uma maior previsibilidade sobre os reajustes dos combust\u00edveis, durante os protestos realizados em maio.<\/p>\n<p>MAIS TRANSPAR\u00caNCIA<\/p>\n<p>O objetivo principal, segundo a ANP, \u00e9 buscar criar um ambiente de neg\u00f3cios mais atrativo, para que outras empresas invistam em refino no Brasil, dando fim ao monop\u00f3lio de fato da Petrobras, beneficiando consumidores.<\/p>\n<p>Paulo Miranda Soares, presidente da Fecombust\u00edveis \u2014que representa os interesses de cerca de 40 mil postos revendedores de combust\u00edveis do pa\u00eds\u2014 frisou que a decis\u00e3o da ANP foi coerente com o discurso que vinha fazendo.<\/p>\n<p>\u201cQuanto mais interferir na Petrobras, mais dif\u00edcil vai ser a Petrobras conseguir parceiros, algu\u00e9m vir do mercado externo e investir\u201d, afirmou Soares.<\/p>\n<p>\u201cNa hora que avaliamos todas as alternativas, n\u00e3o conseguimos enxergar uma que n\u00e3o tivesse um efeito colateral. Ent\u00e3o, a menos pior \u00e9 essa: deixa o pre\u00e7o livre.\u201d<\/p>\n<p>J\u00e1 S\u00e9rgio Ara\u00fajo, presidente da Associa\u00e7\u00e3o Brasileira dos Importadores de Combust\u00edveis (Abicom), que representa nove importadoras independentes, disse que a ANP est\u00e1 no melhor caminho para favorecer o setor.<\/p>\n<p>Ara\u00fajo tamb\u00e9m classificou como \u201coportuna e necess\u00e1ria\u201d a ideia da ANP de pedir a publica\u00e7\u00e3o dos pre\u00e7os da Petrobras em todos os pontos de venda: \u201cEsse ponto \u00e9 muito importante porque vai inibir a pr\u00e1tica de subs\u00eddio cruzado\u201d, afirmou.<\/p>\n<p>As importadoras independentes t\u00eam alegado que a pr\u00e1tica de pre\u00e7os da Petrobras, em alguns pontos de venda, tem inibido a participa\u00e7\u00e3o de concorrentes.<\/p>\n<p>A Petrobras n\u00e3o respondeu a pedidos de coment\u00e1rios.<\/p>\n<p>Em declara\u00e7\u00e3o anterior, o atual presidente da Petrobras, Ivan Monteiro, afirmou que iria participar das discuss\u00f5es junto \u00e0 ANP e aguardar resultados da consulta p\u00fablica antes de decidir se seria necess\u00e1ria uma mudan\u00e7a na frequ\u00eancia de reajustes realizados pela empresa.<\/p>\n<p>Fonte: Reuters<\/p>\n","protected":false},"excerpt":{"rendered":"<p>A decis\u00e3o da Ag\u00eancia Nacional do Petr\u00f3leo, G\u00e1s Natural e Biocombust\u00edveis (ANP) de descartar, ap\u00f3s uma consulta p\u00fablica, uma poss\u00edvel interven\u00e7\u00e3o na frequ\u00eancia de ajustes&#8230;<\/p>\n","protected":false},"author":1182,"featured_media":18837,"comment_status":"closed","ping_status":"closed","sticky":false,"template":"","format":"standard","meta":{"footnotes":""},"categories":[6],"tags":[],"class_list":["post-27545","post","type-post","status-publish","format-standard","has-post-thumbnail","hentry","category-noticias"],"_links":{"self":[{"href":"https:\/\/www.sincomam.org.br\/index.php\/wp-json\/wp\/v2\/posts\/27545","targetHints":{"allow":["GET"]}}],"collection":[{"href":"https:\/\/www.sincomam.org.br\/index.php\/wp-json\/wp\/v2\/posts"}],"about":[{"href":"https:\/\/www.sincomam.org.br\/index.php\/wp-json\/wp\/v2\/types\/post"}],"author":[{"embeddable":true,"href":"https:\/\/www.sincomam.org.br\/index.php\/wp-json\/wp\/v2\/users\/1182"}],"replies":[{"embeddable":true,"href":"https:\/\/www.sincomam.org.br\/index.php\/wp-json\/wp\/v2\/comments?post=27545"}],"version-history":[{"count":1,"href":"https:\/\/www.sincomam.org.br\/index.php\/wp-json\/wp\/v2\/posts\/27545\/revisions"}],"predecessor-version":[{"id":27546,"href":"https:\/\/www.sincomam.org.br\/index.php\/wp-json\/wp\/v2\/posts\/27545\/revisions\/27546"}],"wp:featuredmedia":[{"embeddable":true,"href":"https:\/\/www.sincomam.org.br\/index.php\/wp-json\/wp\/v2\/media\/18837"}],"wp:attachment":[{"href":"https:\/\/www.sincomam.org.br\/index.php\/wp-json\/wp\/v2\/media?parent=27545"}],"wp:term":[{"taxonomy":"category","embeddable":true,"href":"https:\/\/www.sincomam.org.br\/index.php\/wp-json\/wp\/v2\/categories?post=27545"},{"taxonomy":"post_tag","embeddable":true,"href":"https:\/\/www.sincomam.org.br\/index.php\/wp-json\/wp\/v2\/tags?post=27545"}],"curies":[{"name":"wp","href":"https:\/\/api.w.org\/{rel}","templated":true}]}}