{"id":27520,"date":"2018-07-24T00:10:56","date_gmt":"2018-07-24T03:10:56","guid":{"rendered":"http:\/\/www.sincomam.org.br\/?p=27520"},"modified":"2018-07-23T16:00:33","modified_gmt":"2018-07-23T19:00:33","slug":"temer-cria-fundo-ferroviario-por-meio-de-mp-e-prioriza-investimentos-no-para","status":"publish","type":"post","link":"https:\/\/www.sincomam.org.br\/index.php\/temer-cria-fundo-ferroviario-por-meio-de-mp-e-prioriza-investimentos-no-para\/","title":{"rendered":"Temer cria fundo ferrovi\u00e1rio por meio de MP e prioriza investimentos no Par\u00e1"},"content":{"rendered":"<p>O presidente Michel Temer editou a Medida Provis\u00f3ria 845\/2018 para instituir o Fundo Nacional de Desenvolvimento Ferrovi\u00e1rio (FNDF), que ter\u00e1 natureza cont\u00e1bil e financeira, ser\u00e1 vinculado ao Minist\u00e9rio dos Transportes, Portos e Avia\u00e7\u00e3o Civil e destinar\u00e1 recursos ao subsistema ferrovi\u00e1rio federal.<\/p>\n<p>Dentre outras fontes, o novo fundo contar\u00e1 com recursos decorrentes da outorga da subconcess\u00e3o da Ferrovia Norte-Sul no trecho entre Porto Nacional (TO) e Estrela d\u2019Oeste (SP) e o respectivo \u00e1gio.<\/p>\n<p>Como o<span>\u00a0<\/span><b>Broadcast<\/b>, servi\u00e7o de not\u00edcias em tempo real do Grupo Estado, j\u00e1 informou, o Estado do Par\u00e1 ter\u00e1 prioridade nos investimentos do fundo. \u201cOs recursos do FNDF ser\u00e3o aplicados prioritariamente na liga\u00e7\u00e3o do Complexo Portu\u00e1rio de Vila do Conde\/Estado do Par\u00e1 \u00e0 EF-151 \u2013 Ferrovia Norte-Sul\u201d, diz a MP, que foi publicada em edi\u00e7\u00e3o extraordin\u00e1ria do Di\u00e1rio Oficial da Uni\u00e3o (DOU) de sexta-feira (20).<\/p>\n<div id=\"admateria2\" data-google-query-id=\"CPjYyJ7ztdwCFcixswoddmcOBA\">\n<p>\u201cOs investimentos referentes aos recursos do FNDF ter\u00e3o in\u00edcio no munic\u00edpio de Barcarena, Estado do Par\u00e1, para garantir a liga\u00e7\u00e3o ao Complexo Portu\u00e1rio de Vila do Conde\/Estado do Par\u00e1\u201d, acrescenta.<\/p>\n<p>A decis\u00e3o do governo federal de destinar recursos que ser\u00e3o arrecadados com o leil\u00e3o do trecho da Norte-Sul para o Par\u00e1 se deu ap\u00f3s apelos do governo do Par\u00e1 e de parlamentares do Estado. O b\u00f4nus de outorga do trecho, que ser\u00e1 licitado neste ano, ser\u00e1 de R$ 1,097 bilh\u00e3o, e pode ser ainda maior se houver disputa no leil\u00e3o.<\/p>\n<p>Todo o dinheiro arrecadado no leil\u00e3o ir\u00e1 para o fundo, explicou o ministro de Minas e Energia, Moreira Franco, no \u00faltimo dia 7. \u201cTivemos uma para discutir a quest\u00e3o log\u00edstica de aproveitamento do Porto de Barcarena e da Ferrovia Paraense\u201d, afirmou o ministro ao Broadcast.<\/p>\n<p>Moreira Franco continua envolvido no Programa de Parcerias de Investimentos (PPI) mesmo tendo deixado o cargo de ministro da Secretaria-Geral da Presid\u00eancia da Rep\u00fablica, ao qual o PPI est\u00e1 vinculado. \u201cVamos garantir a log\u00edstica no Estado do Par\u00e1, o que vai viabilizar e facilitar o acesso ao Pac\u00edfico, j\u00e1 que Barcarena \u00e9 o porto mais pr\u00f3ximo do Canal do Panam\u00e1\u201d, completou.<\/p>\n<p>Al\u00e9m dos valores arrecadados com o leil\u00e3o, constituem recursos do novo fundo dota\u00e7\u00f5es consignadas na lei or\u00e7ament\u00e1ria anual da Uni\u00e3o e seus cr\u00e9ditos adicionais; doa\u00e7\u00f5es; e outros que lhe forem atribu\u00eddos, diz a MP. \u201cAs vincula\u00e7\u00f5es de receita or\u00e7ament\u00e1ria dever\u00e3o vigorar pelo prazo de cinco anos, contado da data de entrada em vigor desta Medida Provis\u00f3ria\u201d, cita o texto. O funcionamento do novo fundo ser\u00e1 regulamentado por ato do Poder Executivo federal.<\/p>\n<p>Fonte: Exame<\/p>\n<\/div>\n","protected":false},"excerpt":{"rendered":"<p>O presidente Michel Temer editou a Medida Provis\u00f3ria 845\/2018 para instituir o Fundo Nacional de Desenvolvimento Ferrovi\u00e1rio (FNDF), que ter\u00e1 natureza cont\u00e1bil e financeira, ser\u00e1&#8230;<\/p>\n","protected":false},"author":1182,"featured_media":19480,"comment_status":"closed","ping_status":"closed","sticky":false,"template":"","format":"standard","meta":{"footnotes":""},"categories":[6],"tags":[],"class_list":["post-27520","post","type-post","status-publish","format-standard","has-post-thumbnail","hentry","category-noticias"],"_links":{"self":[{"href":"https:\/\/www.sincomam.org.br\/index.php\/wp-json\/wp\/v2\/posts\/27520","targetHints":{"allow":["GET"]}}],"collection":[{"href":"https:\/\/www.sincomam.org.br\/index.php\/wp-json\/wp\/v2\/posts"}],"about":[{"href":"https:\/\/www.sincomam.org.br\/index.php\/wp-json\/wp\/v2\/types\/post"}],"author":[{"embeddable":true,"href":"https:\/\/www.sincomam.org.br\/index.php\/wp-json\/wp\/v2\/users\/1182"}],"replies":[{"embeddable":true,"href":"https:\/\/www.sincomam.org.br\/index.php\/wp-json\/wp\/v2\/comments?post=27520"}],"version-history":[{"count":1,"href":"https:\/\/www.sincomam.org.br\/index.php\/wp-json\/wp\/v2\/posts\/27520\/revisions"}],"predecessor-version":[{"id":27521,"href":"https:\/\/www.sincomam.org.br\/index.php\/wp-json\/wp\/v2\/posts\/27520\/revisions\/27521"}],"wp:featuredmedia":[{"embeddable":true,"href":"https:\/\/www.sincomam.org.br\/index.php\/wp-json\/wp\/v2\/media\/19480"}],"wp:attachment":[{"href":"https:\/\/www.sincomam.org.br\/index.php\/wp-json\/wp\/v2\/media?parent=27520"}],"wp:term":[{"taxonomy":"category","embeddable":true,"href":"https:\/\/www.sincomam.org.br\/index.php\/wp-json\/wp\/v2\/categories?post=27520"},{"taxonomy":"post_tag","embeddable":true,"href":"https:\/\/www.sincomam.org.br\/index.php\/wp-json\/wp\/v2\/tags?post=27520"}],"curies":[{"name":"wp","href":"https:\/\/api.w.org\/{rel}","templated":true}]}}