{"id":27509,"date":"2018-07-20T10:35:40","date_gmt":"2018-07-20T13:35:40","guid":{"rendered":"http:\/\/www.sincomam.org.br\/?p=27509"},"modified":"2018-07-24T10:26:49","modified_gmt":"2018-07-24T13:26:49","slug":"temer-viaja-para-o-mexico-nesta-segunda-feira-carmen-lucia-assume-presidencia-da-republica-pela-4a-vez","status":"publish","type":"post","link":"https:\/\/www.sincomam.org.br\/index.php\/temer-viaja-para-o-mexico-nesta-segunda-feira-carmen-lucia-assume-presidencia-da-republica-pela-4a-vez\/","title":{"rendered":"Temer viaja para o M\u00e9xico nesta segunda-feira; C\u00e1rmen L\u00facia assume Presid\u00eancia da Rep\u00fablica pela 4\u00aa vez"},"content":{"rendered":"<div class=\"mc-column content-text active-extra-styles active-capital-letter\" data-block-type=\"unstyled\" data-block-weight=\"34\" data-block-id=\"2\">\n<p class=\"content-text__container theme-color-primary-first-letter\" data-track-category=\"Link no Texto\" data-track-links=\"\">O presidente Michel Temer<span>\u00a0<\/span>viajar\u00e1 nesta segunda-feira (23) para o M\u00e9xico para participar do encontro de presidentes dos pa\u00edses do Mercosul e da Alian\u00e7a do Pac\u00edfico \u2013<span>\u00a0<\/span><em>saiba detalhes sobre a reuni\u00e3o mais abaixo<\/em>.<\/p>\n<\/div>\n<div class=\"wall\">\n<div class=\"mc-column content-text active-extra-styles \" data-block-type=\"unstyled\" data-block-weight=\"24\" data-block-id=\"3\">\n<p class=\"content-text__container \" data-track-category=\"Link no Texto\" data-track-links=\"\">Com a viagem de Temer ao exterior, a presidente do Supremo Tribunal Federal (STF),<span>\u00a0C\u00e1rmen L\u00facia<\/span>, assumir\u00e1 a Presid\u00eancia da Rep\u00fablica pela quarta vez.<\/p>\n<\/div>\n<div class=\"mc-column content-text active-extra-styles \" data-block-type=\"unstyled\" data-block-weight=\"44\" data-block-id=\"4\">\n<p class=\"content-text__container \" data-track-category=\"Link no Texto\" data-track-links=\"\">C\u00e1rmen L\u00facia deve passar toda a semana no exerc\u00edcio da Presid\u00eancia. Isso porque, depois da agenda em Puerto Vallarta, Temer seguir\u00e1 para Joanesburgo, onde participar\u00e1 da 10\u00aa C\u00fapula do Brics, grupo que re\u00fane Brasil, R\u00fassia, \u00cdndia, China e \u00c1frica do Sul (anfitri\u00e3 do encontro).<\/p>\n<\/div>\n<div class=\"mc-column content-text active-extra-styles \" data-block-type=\"unstyled\" data-block-weight=\"12\" data-block-id=\"5\">\n<p class=\"content-text__container \" data-track-category=\"Link no Texto\" data-track-links=\"\">O presidente dever\u00e1 retornar a Bras\u00edlia somente para a aeronave ser reabastecida.<\/p>\n<\/div>\n<div class=\"mc-column content-text active-extra-styles\" data-block-type=\"raw\" data-block-weight=\"2\" data-block-id=\"7\">\n<div class=\"content-intertitle\">\n<h2>Linha sucess\u00f3ria<\/h2>\n<\/div>\n<\/div>\n<div class=\"mc-column content-text active-extra-styles \" data-block-type=\"unstyled\" data-block-weight=\"23\" data-block-id=\"8\">\n<p class=\"content-text__container \" data-track-category=\"Link no Texto\" data-track-links=\"\">Al\u00e9m de Temer, tamb\u00e9m estar\u00e3o no exterior nos pr\u00f3ximos dias os presidentes da C\u00e2mara, Rodrigo Maia (DEM-RJ), e do Senado, Eun\u00edcio Oliveira<span>\u00a0<\/span>(MDB-CE).<\/p>\n<\/div>\n<div class=\"mc-column content-text active-extra-styles \" data-block-type=\"unstyled\" data-block-weight=\"35\" data-block-id=\"9\">\n<p class=\"content-text__container \" data-track-category=\"Link no Texto\" data-track-links=\"\">Eun\u00edcio Oliveira viajou para Miami (EUA) e voltar\u00e1 para o Brasil no pr\u00f3ximo fim de semana. Rodrigo Maia tamb\u00e9m foi para os Estados Unidos, em viagem particular, e deve voltar a Bras\u00edlia no domingo (29).<\/p>\n<\/div>\n<div class=\"mc-column content-text active-extra-styles \" data-block-type=\"unstyled\" data-block-weight=\"33\" data-block-id=\"10\">\n<p class=\"content-text__container \" data-track-category=\"Link no Texto\" data-track-links=\"\">Os dois parlamentares s\u00e3o os seguintes na linha sucess\u00f3ria, j\u00e1 que o Brasil n\u00e3o tem vice-presidente no momento. Com as aus\u00eancias de Temer, Maia e Eun\u00edcio, a presidente do STF exerce a Presid\u00eancia.<\/p>\n<\/div>\n<div class=\"mc-column content-text active-extra-styles \" data-block-type=\"unstyled\" data-block-weight=\"29\" data-block-id=\"12\">\n<p class=\"content-text__container \" data-track-category=\"Link no Texto\" data-track-links=\"\">Na semana passada, C\u00e1rmen L\u00facia assumiu o cargo entre a ter\u00e7a e a quarta, enquanto Temer estava em Cabo Verde; Rodrigo Maia, no Chile; e Eun\u00edcio, nos Estados Unidos. Desde abril, sempre que Temer vai ao exterior, Maia e Eun\u00edcio tamb\u00e9m programam viagens internacionais. A sa\u00edda do pa\u00eds evita o risco de os dois ficarem ineleg\u00edveis nestas elei\u00e7\u00f5es.<\/p>\n<\/div>\n<div class=\"mc-column content-text active-extra-styles \" data-block-type=\"unstyled\" data-block-weight=\"34\" data-block-id=\"14\">\n<p class=\"content-text__container \" data-track-category=\"Link no Texto\" data-track-links=\"\">Caso Maia ou Eun\u00edcio exer\u00e7am a Presid\u00eancia da Rep\u00fablica por algum per\u00edodo nos seis meses anteriores \u00e0 elei\u00e7\u00e3o, eles s\u00f3 poderiam concorrer \u00e0 Presid\u00eancia, ou seja, estariam impedidos de disputar outros cargos em outubro.<\/p>\n<\/div>\n<div class=\"mc-column content-text active-extra-styles\" data-block-type=\"raw\" data-block-weight=\"5\" data-block-id=\"15\">\n<div class=\"content-intertitle\">\n<h2>Mercosul e Alian\u00e7a do Pac\u00edfico<\/h2>\n<\/div>\n<\/div>\n<div class=\"mc-column content-text active-extra-styles \" data-block-type=\"unstyled\" data-block-weight=\"42\" data-block-id=\"16\">\n<p class=\"content-text__container \" data-track-category=\"Link no Texto\" data-track-links=\"\">Pela agenda oficial, Temer chegar\u00e1 \u00e0 tarde em Puerto Vallarta. \u00c0 noite, se reunir\u00e1 com o presidente do M\u00e9xico, Enrique Pe\u00f1a Nieto. Depois, ir\u00e1 ao jantar em homenagem aos chefes de Estado e de governo da Alian\u00e7a do Pac\u00edfico e do Mercosul.<\/p>\n<\/div>\n<div class=\"mc-column content-text active-extra-styles \" data-block-type=\"unstyled\" data-block-weight=\"37\" data-block-id=\"17\">\n<p class=\"content-text__container \" data-track-category=\"Link no Texto\" data-track-links=\"\">O in\u00e9dito encontro dos presidentes do Mercosul e da Alian\u00e7a do Pac\u00edfico est\u00e1 previsto para esta ter\u00e7a (24). De acordo com o Minist\u00e9rio das Rela\u00e7\u00f5es Exteriores, a reuni\u00e3o ser\u00e1 a primeira &#8220;em n\u00edvel presidencial&#8221; entre os blocos.<\/p>\n<\/div>\n<div class=\"mc-column content-text active-extra-styles \" data-block-type=\"unstyled\" data-block-weight=\"32\" data-block-id=\"18\">\n<p class=\"content-text__container \" data-track-category=\"Link no Texto\" data-track-links=\"\">O objetivo \u00e9 incentivar a coopera\u00e7\u00e3o econ\u00f4mica entre os dois blocos. O Mercosul \u00e9 formado por Brasil, Argentina, Paraguai e Uruguai, e a Alian\u00e7a do Pac\u00edfico, por M\u00e9xico, Chile, Col\u00f4mbia e Peru.<\/p>\n<\/div>\n<div class=\"mc-column content-text active-extra-styles \" data-block-type=\"unstyled\" data-block-weight=\"23\" data-block-id=\"19\">\n<p class=\"content-text__container \" data-track-category=\"Link no Texto\" data-track-links=\"\">O Itamaraty informou que est\u00e1 prevista a aprova\u00e7\u00e3o de uma declara\u00e7\u00e3o conjunta e de um plano de a\u00e7\u00e3o entre os blocos, que envolve:<\/p>\n<\/div>\n<div class=\"mc-column content-text active-extra-styles\" data-block-type=\"raw\" data-block-weight=\"9\" data-block-id=\"20\">\n<ul class=\"content-unordered-list\">\n<li>facilita\u00e7\u00e3o de com\u00e9rcio;<\/li>\n<li>coopera\u00e7\u00e3o regulat\u00f3ria;<\/li>\n<li>agenda digital;<\/li>\n<li>com\u00e9rcio inclusivo.<\/li>\n<\/ul>\n<\/div>\n<div class=\"mc-column content-text active-extra-styles \" data-block-type=\"unstyled\" data-block-weight=\"46\" data-block-id=\"21\">\n<p class=\"content-text__container \" data-track-category=\"Link no Texto\" data-track-links=\"\">&#8220;A ideia \u00e9 a import\u00e2ncia simb\u00f3lica de que os dois principais agrupamentos da regi\u00e3o, que respondem por 90% do PIB da Am\u00e9rica Latina, estejam dando um impulso pol\u00edtico a esse esfor\u00e7o de aproxima\u00e7\u00e3o&#8221;, disse o subsecret\u00e1rio-geral da Am\u00e9rica Latina e Caribe, embaixador Paulo Estivallet de Mesquita.<\/p>\n<\/div>\n<\/div>\n<div data-track-category=\"fim do conteudo\" data-track-action=\"ultimo chunk conteudo\" data-track-noninteraction=\"false\" data-track-scroll=\"entrada completa viewport\">\n<div class=\"mc-column content-text active-extra-styles \" data-block-type=\"unstyled\" data-block-weight=\"46\" data-block-id=\"22\">\n<p class=\"content-text__container \" data-track-category=\"Link no Texto\" data-track-links=\"\">Em 2017, conforme dados do Itamaraty, o com\u00e9rcio do Mercosul com a Alian\u00e7a do Pac\u00edfico alcan\u00e7ou US$ 35,3 bilh\u00f5es, crescimento de 18% em rela\u00e7\u00e3o ao ano anterior. No mesmo ano, o com\u00e9rcio do Brasil com a Alian\u00e7a do Pac\u00edfico atingiu US$ 25 bilh\u00f5es, alta de 21,4%.<\/p>\n<p>Fonte: G1<\/p>\n<\/div>\n<\/div>\n","protected":false},"excerpt":{"rendered":"<p>O presidente Michel Temer\u00a0viajar\u00e1 nesta segunda-feira (23) para o M\u00e9xico para participar do encontro de presidentes dos pa\u00edses do Mercosul e da Alian\u00e7a do Pac\u00edfico&#8230;<\/p>\n","protected":false},"author":1182,"featured_media":19480,"comment_status":"closed","ping_status":"closed","sticky":false,"template":"","format":"standard","meta":{"footnotes":""},"categories":[6],"tags":[],"class_list":["post-27509","post","type-post","status-publish","format-standard","has-post-thumbnail","hentry","category-noticias"],"_links":{"self":[{"href":"https:\/\/www.sincomam.org.br\/index.php\/wp-json\/wp\/v2\/posts\/27509","targetHints":{"allow":["GET"]}}],"collection":[{"href":"https:\/\/www.sincomam.org.br\/index.php\/wp-json\/wp\/v2\/posts"}],"about":[{"href":"https:\/\/www.sincomam.org.br\/index.php\/wp-json\/wp\/v2\/types\/post"}],"author":[{"embeddable":true,"href":"https:\/\/www.sincomam.org.br\/index.php\/wp-json\/wp\/v2\/users\/1182"}],"replies":[{"embeddable":true,"href":"https:\/\/www.sincomam.org.br\/index.php\/wp-json\/wp\/v2\/comments?post=27509"}],"version-history":[{"count":1,"href":"https:\/\/www.sincomam.org.br\/index.php\/wp-json\/wp\/v2\/posts\/27509\/revisions"}],"predecessor-version":[{"id":27510,"href":"https:\/\/www.sincomam.org.br\/index.php\/wp-json\/wp\/v2\/posts\/27509\/revisions\/27510"}],"wp:featuredmedia":[{"embeddable":true,"href":"https:\/\/www.sincomam.org.br\/index.php\/wp-json\/wp\/v2\/media\/19480"}],"wp:attachment":[{"href":"https:\/\/www.sincomam.org.br\/index.php\/wp-json\/wp\/v2\/media?parent=27509"}],"wp:term":[{"taxonomy":"category","embeddable":true,"href":"https:\/\/www.sincomam.org.br\/index.php\/wp-json\/wp\/v2\/categories?post=27509"},{"taxonomy":"post_tag","embeddable":true,"href":"https:\/\/www.sincomam.org.br\/index.php\/wp-json\/wp\/v2\/tags?post=27509"}],"curies":[{"name":"wp","href":"https:\/\/api.w.org\/{rel}","templated":true}]}}