{"id":27503,"date":"2018-07-23T10:23:07","date_gmt":"2018-07-23T13:23:07","guid":{"rendered":"http:\/\/www.sincomam.org.br\/?p=27503"},"modified":"2018-07-23T10:23:07","modified_gmt":"2018-07-23T13:23:07","slug":"mercado-de-trabalho-nao-reage-e-13-dos-brasileiros-queimam-poupanca-em-gastos-do-dia-a-dia","status":"publish","type":"post","link":"https:\/\/www.sincomam.org.br\/index.php\/mercado-de-trabalho-nao-reage-e-13-dos-brasileiros-queimam-poupanca-em-gastos-do-dia-a-dia\/","title":{"rendered":"Mercado de trabalho n\u00e3o reage e 13% dos brasileiros queimam poupan\u00e7a em gastos do dia a dia"},"content":{"rendered":"<p>O designer Marcos Ara\u00fajo, 47, est\u00e1 sem trabalhar h\u00e1 dois anos, desde que foi demitido de uma ind\u00fastria t\u00eaxtil. De l\u00e1 para c\u00e1, j\u00e1 usou todas as suas economias para pagar as contas e hoje deve R$ 5 mil para v\u00e1rios bancos. &#8220;Nem bicos consigo direito. S\u00f3 aparece um trabalho a cada seis meses. \u00c9 muito pouco&#8221;, diz. A situa\u00e7\u00e3o dele s\u00f3 n\u00e3o \u00e9 ainda mais dif\u00edcil porque mora com a m\u00e3e e a irm\u00e3 e, portanto, as contas acabam sendo divididas.<\/p>\n<div class=\"wall\">\n<div class=\"mc-column content-text active-extra-styles \" data-block-type=\"unstyled\" data-block-weight=\"46\" data-block-id=\"3\">\n<p class=\"content-text__container \" data-track-category=\"Link no Texto\" data-track-links=\"\">Hist\u00f3rias como a de Marcos se repetiram nos \u00faltimos anos diante da forte deteriora\u00e7\u00e3o do mercado de trabalho. Em junho, 13,3% dos brasileiros queimaram reservas financeiras para bancar as contas do dia a dia, segundo levantamento do Instituto Brasileiro de Economia, da Funda\u00e7\u00e3o Getulio Vargas (Ibre\/FGV).<\/p>\n<div class=\"mc-column content-text active-extra-styles \" data-block-type=\"unstyled\" data-block-weight=\"38\" data-block-id=\"5\">\n<p class=\"content-text__container \" data-track-category=\"Link no Texto\" data-track-links=\"\">Embora a parcela de brasileiros que use recursos guardados j\u00e1 tenha sido maior, sobretudo quando a crise econ\u00f4mica estava mais intensa, os \u00faltimos meses t\u00eam mostrado uma resist\u00eancia \u00e0 queda do indicador e at\u00e9 mesmo uma leve piora.<\/p>\n<\/div>\n<div class=\"mc-column content-text active-extra-styles\" data-block-type=\"raw\" data-block-weight=\"44\" data-block-id=\"6\">\n<div class=\"mc-column content-text active-extra-styles \" data-block-type=\"unstyled\" data-block-weight=\"65\" data-block-id=\"8\">\n<p class=\"content-text__container \" data-track-category=\"Link no Texto\" data-track-links=\"\">A pesquisa do Ibre\/FGV leva em conta todos os tipos de reservas financeiras. Para a caderneta de poupan\u00e7a, os dados do Banco Central at\u00e9 mostram que os valores depositados superaram os saques em R$ 5,6 bilh\u00f5es no m\u00eas de junho. No entanto, a economista do Ibre pondera que isso indica apenas que quem ainda tem folga no or\u00e7amento est\u00e1 preferindo guardar dinheiro do que gastar.<\/p>\n<\/div>\n<div class=\"mc-column content-text active-extra-styles\" data-block-type=\"raw\" data-block-weight=\"5\" data-block-id=\"9\">\n<div class=\"content-intertitle\">\n<h2>Mercado de trabalho tem frustrado<\/h2>\n<\/div>\n<\/div>\n<div class=\"mc-column content-text active-extra-styles \" data-block-type=\"unstyled\" data-block-weight=\"38\" data-block-id=\"10\">\n<p class=\"content-text__container \" data-track-category=\"Link no Texto\" data-track-links=\"\">Os \u00faltimos dados do mercado de trabalho frustraram os analistas. A expectativa era de que a economia brasileira cresceria mais neste ano e, consequentemente, a cria\u00e7\u00e3o de emprego teria uma recupera\u00e7\u00e3o mais robusta, aliviando o or\u00e7amento das fam\u00edlias.<\/p>\n<\/div>\n<div class=\"mc-column content-text active-extra-styles \" data-block-type=\"unstyled\" data-block-weight=\"61\" data-block-id=\"11\">\n<p class=\"content-text__container \" data-track-category=\"Link no Texto\" data-track-links=\"\">No trimestre encerrado em maio, a taxa de desemprego ficou em 12,7% e atingiu 13,2 milh\u00f5es de pessoas, de acordo com o Instituto Brasileiro de Geografia e Estat\u00edstica (IBGE). Em junho, os dados do Cadastro Geral de Empregados e Desempregados (Caged), que levam em conta apenas os emprego com carteira assinada, tamb\u00e9m mostraram um quadro ruim: a destrui\u00e7\u00e3o de 661 vagas.<\/p>\n<\/div>\n<div class=\"mc-column content-text active-extra-styles \" data-block-type=\"unstyled\" data-block-weight=\"31\" data-block-id=\"12\">\n<p class=\"content-text__container \" data-track-category=\"Link no Texto\" data-track-links=\"\">&#8220;O mercado de trabalho continua muito ruim. Mesmo com a cria\u00e7\u00e3o de vagas, milh\u00f5es de pessoas seguem desempregadas&#8221;, afirma a economista-chefe do SPC (Servi\u00e7o de Prote\u00e7\u00e3o ao Cr\u00e9dito) Brasil, Marcela Kawauti.<\/p>\n<\/div>\n<div class=\"mc-column content-text active-extra-styles \" data-block-type=\"unstyled\" data-block-weight=\"51\" data-block-id=\"13\">\n<p class=\"content-text__container \" data-track-category=\"Link no Texto\" data-track-links=\"\">N\u00fameros do SPC Brasil tamb\u00e9m mostram um comportamento parecido com os do Ibre. Em maio, a entidade apurou que 40,5% das pessoas consultadas fizeram uso de reserva financeira para diversas finalidades. Desse total, 4,5% utilizaram as reservas porque ficaram desempregadas e 7,4% porque n\u00e3o tinham dinheiro suficiente para pagar as contas.<\/p>\n<\/div>\n<div class=\"mc-column content-text active-extra-styles \" data-block-type=\"unstyled\" data-block-weight=\"48\" data-block-id=\"14\">\n<p class=\"content-text__container \" data-track-category=\"Link no Texto\" data-track-links=\"\">\u201cNem sempre o uso de reservas \u00e9 ruim. Na compra de item de um maior valor, por exemplo, \u00e9 natural que se use a reserva. O problema \u00e9 quando essa reserva para a ser usado constantemente e a\u00ed a pessoa tem de partir para o cr\u00e9dito&#8221;, diz Marcela.<\/p>\n<p>Fonte: O Globo<\/p>\n<\/div>\n<\/div>\n<\/div>\n<\/div>\n","protected":false},"excerpt":{"rendered":"<p>O designer Marcos Ara\u00fajo, 47, est\u00e1 sem trabalhar h\u00e1 dois anos, desde que foi demitido de uma ind\u00fastria t\u00eaxtil. De l\u00e1 para c\u00e1, j\u00e1 usou&#8230;<\/p>\n","protected":false},"author":1182,"featured_media":18713,"comment_status":"closed","ping_status":"closed","sticky":false,"template":"","format":"standard","meta":{"footnotes":""},"categories":[6],"tags":[],"class_list":["post-27503","post","type-post","status-publish","format-standard","has-post-thumbnail","hentry","category-noticias"],"_links":{"self":[{"href":"https:\/\/www.sincomam.org.br\/index.php\/wp-json\/wp\/v2\/posts\/27503","targetHints":{"allow":["GET"]}}],"collection":[{"href":"https:\/\/www.sincomam.org.br\/index.php\/wp-json\/wp\/v2\/posts"}],"about":[{"href":"https:\/\/www.sincomam.org.br\/index.php\/wp-json\/wp\/v2\/types\/post"}],"author":[{"embeddable":true,"href":"https:\/\/www.sincomam.org.br\/index.php\/wp-json\/wp\/v2\/users\/1182"}],"replies":[{"embeddable":true,"href":"https:\/\/www.sincomam.org.br\/index.php\/wp-json\/wp\/v2\/comments?post=27503"}],"version-history":[{"count":1,"href":"https:\/\/www.sincomam.org.br\/index.php\/wp-json\/wp\/v2\/posts\/27503\/revisions"}],"predecessor-version":[{"id":27504,"href":"https:\/\/www.sincomam.org.br\/index.php\/wp-json\/wp\/v2\/posts\/27503\/revisions\/27504"}],"wp:featuredmedia":[{"embeddable":true,"href":"https:\/\/www.sincomam.org.br\/index.php\/wp-json\/wp\/v2\/media\/18713"}],"wp:attachment":[{"href":"https:\/\/www.sincomam.org.br\/index.php\/wp-json\/wp\/v2\/media?parent=27503"}],"wp:term":[{"taxonomy":"category","embeddable":true,"href":"https:\/\/www.sincomam.org.br\/index.php\/wp-json\/wp\/v2\/categories?post=27503"},{"taxonomy":"post_tag","embeddable":true,"href":"https:\/\/www.sincomam.org.br\/index.php\/wp-json\/wp\/v2\/tags?post=27503"}],"curies":[{"name":"wp","href":"https:\/\/api.w.org\/{rel}","templated":true}]}}