{"id":27482,"date":"2018-07-19T00:10:40","date_gmt":"2018-07-19T03:10:40","guid":{"rendered":"http:\/\/www.sincomam.org.br\/?p=27482"},"modified":"2018-07-18T19:19:22","modified_gmt":"2018-07-18T22:19:22","slug":"ppsa-marca-venda-de-oleo-para-agosto","status":"publish","type":"post","link":"https:\/\/www.sincomam.org.br\/index.php\/ppsa-marca-venda-de-oleo-para-agosto\/","title":{"rendered":"PPSA marca venda de \u00f3leo para agosto"},"content":{"rendered":"<p>A Pr\u00e9-Sal Petr\u00f3leo (PPSA) marcou para o pr\u00f3ximo dia 31 de agosto o leil\u00e3o para venda da parcela da Uni\u00e3o na produ\u00e7\u00e3o futura de petr\u00f3leo no pr\u00e9-sal da Bacia de Santos. Ao todo, a estatal ofertar\u00e1 3 milh\u00f5es de barris.<\/p>\n<p>A rodada \u00e9 uma segunda tentativa da PPSA de licitar a fatia da Uni\u00e3o na produ\u00e7\u00e3o dos campos de Mero, Sapinho\u00e1 e Lula. Em maio, a estatal realizou um primeiro leil\u00e3o, mas a Shell, \u00fanica empresa inscrita, n\u00e3o apresentou ofertas.<\/p>\n<p>Ao todo, o governo estima que a comercializa\u00e7\u00e3o do \u00f3leo e g\u00e1s da Uni\u00e3o possa render, este ano, uma arrecada\u00e7\u00e3o de R$ 1 bilh\u00e3o. pelo contrato de partilha.<\/p>\n<p>O pr\u00e9-edital da licita\u00e7\u00e3o de agosto foi publicado ontem pela PPSA e ficar\u00e1 aberto para consulta p\u00fablica at\u00e9 o dia 25 de julho. A licita\u00e7\u00e3o, que acontecer\u00e1 na B3, em S\u00e3o Paulo, ofertar\u00e1 tr\u00eas contratos, que poder\u00e3o ser adquiridos por um \u00fanico comprador ou por empresas diferentes. O vencedor poder\u00e1 obter toda a produ\u00e7\u00e3o do respectivo campo durante um ano, remunerando a Uni\u00e3o a cada retirada de carga, de acordo com a proposta de pre\u00e7os ofertada no leil\u00e3o.<\/p>\n<p>Ser\u00e3o oferecidos tr\u00eas lotes diferentes, referentes \u00e0 parcela da Uni\u00e3o na produ\u00e7\u00e3o de Mero (1,8 milh\u00e3o de barris de petr\u00f3leo), Sapinho\u00e1 (115 mil barris) e Lula (1,1 milh\u00e3o de barris).<\/p>\n<p>No \u00faltimo dia 5, em evento no Rio, o presidente da PPSA, Ibsen Flores, j\u00e1 havia antecipado a inten\u00e7\u00e3o de repetir a licita\u00e7\u00e3o entre o fim de agosto e in\u00edcio de setembro. Na ocasi\u00e3o, ao ser questionado sobre o desinteresse das empresas pelo primeiro leil\u00e3o, ele disse que um dos motivos que ajudava a explicar a falta de ofertas foi o fato de que a medida provis\u00f3ria que permitia a venda direta do \u00f3leo da Uni\u00e3o pela PPSA s\u00f3 ter sido sancionada depois do leil\u00e3o.<\/p>\n<p>Fonte:\u00a0 Valor<\/p>\n","protected":false},"excerpt":{"rendered":"<p>A Pr\u00e9-Sal Petr\u00f3leo (PPSA) marcou para o pr\u00f3ximo dia 31 de agosto o leil\u00e3o para venda da parcela da Uni\u00e3o na produ\u00e7\u00e3o futura de petr\u00f3leo&#8230;<\/p>\n","protected":false},"author":1182,"featured_media":17575,"comment_status":"closed","ping_status":"closed","sticky":false,"template":"","format":"standard","meta":{"footnotes":""},"categories":[6],"tags":[],"class_list":["post-27482","post","type-post","status-publish","format-standard","has-post-thumbnail","hentry","category-noticias"],"_links":{"self":[{"href":"https:\/\/www.sincomam.org.br\/index.php\/wp-json\/wp\/v2\/posts\/27482","targetHints":{"allow":["GET"]}}],"collection":[{"href":"https:\/\/www.sincomam.org.br\/index.php\/wp-json\/wp\/v2\/posts"}],"about":[{"href":"https:\/\/www.sincomam.org.br\/index.php\/wp-json\/wp\/v2\/types\/post"}],"author":[{"embeddable":true,"href":"https:\/\/www.sincomam.org.br\/index.php\/wp-json\/wp\/v2\/users\/1182"}],"replies":[{"embeddable":true,"href":"https:\/\/www.sincomam.org.br\/index.php\/wp-json\/wp\/v2\/comments?post=27482"}],"version-history":[{"count":1,"href":"https:\/\/www.sincomam.org.br\/index.php\/wp-json\/wp\/v2\/posts\/27482\/revisions"}],"predecessor-version":[{"id":27483,"href":"https:\/\/www.sincomam.org.br\/index.php\/wp-json\/wp\/v2\/posts\/27482\/revisions\/27483"}],"wp:featuredmedia":[{"embeddable":true,"href":"https:\/\/www.sincomam.org.br\/index.php\/wp-json\/wp\/v2\/media\/17575"}],"wp:attachment":[{"href":"https:\/\/www.sincomam.org.br\/index.php\/wp-json\/wp\/v2\/media?parent=27482"}],"wp:term":[{"taxonomy":"category","embeddable":true,"href":"https:\/\/www.sincomam.org.br\/index.php\/wp-json\/wp\/v2\/categories?post=27482"},{"taxonomy":"post_tag","embeddable":true,"href":"https:\/\/www.sincomam.org.br\/index.php\/wp-json\/wp\/v2\/tags?post=27482"}],"curies":[{"name":"wp","href":"https:\/\/api.w.org\/{rel}","templated":true}]}}