{"id":27468,"date":"2018-07-26T03:23:17","date_gmt":"2018-07-26T06:23:17","guid":{"rendered":"http:\/\/www.sincomam.org.br\/?p=27468"},"modified":"2018-07-23T17:18:23","modified_gmt":"2018-07-23T20:18:23","slug":"ira-diz-a-sauditas-que-acordo-da-opep-nao-da-direito-de-produzir-petroleo-acima-da-meta","status":"publish","type":"post","link":"https:\/\/www.sincomam.org.br\/index.php\/ira-diz-a-sauditas-que-acordo-da-opep-nao-da-direito-de-produzir-petroleo-acima-da-meta\/","title":{"rendered":"Ir\u00e3 diz a sauditas que acordo da Opep n\u00e3o d\u00e1 direito de produzir petr\u00f3leo acima da meta"},"content":{"rendered":"<p>O ministro do Petr\u00f3leo do Ir\u00e3 disse ao ministro da Ar\u00e1bia Saudita que o acordo de oferta da Opep no m\u00eas passado n\u00e3o d\u00e1 aos pa\u00edses membros o direito de aumentar a produ\u00e7\u00e3o de petr\u00f3leo acima de suas metas, segundo uma carta divulgada pela ag\u00eancia de not\u00edcias Shana.<\/p>\n<p>A Organiza\u00e7\u00e3o dos Pa\u00edses Exportadores de Petr\u00f3leo concordou com a R\u00fassia e outros aliados produtores de petr\u00f3leo, no m\u00eas passado, em aumentar a produ\u00e7\u00e3o a partir de julho, com a Ar\u00e1bia Saudita prometendo um aumento de oferta \u201cmensur\u00e1vel\u201d, mas sem dar n\u00fameros espec\u00edficos.<\/p>\n<p>\u201cOs pa\u00edses membros se comprometeram a atingir um n\u00edvel de conformidade com os ajustes de produ\u00e7\u00e3o de 100 por cento, a partir de 1\u00ba de julho de 2018\u201d, escreveu Bijan Zanganeh, em uma carta enviada ao ministro da Energia saudita Khalid al-Falih, segundo a Shana.<\/p>\n<p>\u201cNo entanto, a decis\u00e3o n\u00e3o garante aos pa\u00edses membros o direito de exceder seu n\u00edvel de produ\u00e7\u00e3o acima do n\u00edvel de produ\u00e7\u00e3o decidido&#8230; nem o direito de redistribuir os compromissos de ajuste de produ\u00e7\u00e3o n\u00e3o cumpridos entre os pa\u00edses membros.\u201d<\/p>\n<p>A carta de Zanganeh vem depois que Falih, que preside um comit\u00ea entre pa\u00edses da Opep e aliados que monitora o cumprimento da produ\u00e7\u00e3o, escreveu \u00e0 Opep na semana passada dizendo que os n\u00edveis individuais de conformidade n\u00e3o ser\u00e3o mais relatados.<\/p>\n<p>Fonte: Reuters<\/p>\n","protected":false},"excerpt":{"rendered":"<p>O ministro do Petr\u00f3leo do Ir\u00e3 disse ao ministro da Ar\u00e1bia Saudita que o acordo de oferta da Opep no m\u00eas passado n\u00e3o d\u00e1 aos&#8230;<\/p>\n","protected":false},"author":1182,"featured_media":8347,"comment_status":"closed","ping_status":"closed","sticky":false,"template":"","format":"standard","meta":{"footnotes":""},"categories":[6],"tags":[],"class_list":["post-27468","post","type-post","status-publish","format-standard","has-post-thumbnail","hentry","category-noticias"],"_links":{"self":[{"href":"https:\/\/www.sincomam.org.br\/index.php\/wp-json\/wp\/v2\/posts\/27468","targetHints":{"allow":["GET"]}}],"collection":[{"href":"https:\/\/www.sincomam.org.br\/index.php\/wp-json\/wp\/v2\/posts"}],"about":[{"href":"https:\/\/www.sincomam.org.br\/index.php\/wp-json\/wp\/v2\/types\/post"}],"author":[{"embeddable":true,"href":"https:\/\/www.sincomam.org.br\/index.php\/wp-json\/wp\/v2\/users\/1182"}],"replies":[{"embeddable":true,"href":"https:\/\/www.sincomam.org.br\/index.php\/wp-json\/wp\/v2\/comments?post=27468"}],"version-history":[{"count":1,"href":"https:\/\/www.sincomam.org.br\/index.php\/wp-json\/wp\/v2\/posts\/27468\/revisions"}],"predecessor-version":[{"id":27469,"href":"https:\/\/www.sincomam.org.br\/index.php\/wp-json\/wp\/v2\/posts\/27468\/revisions\/27469"}],"wp:featuredmedia":[{"embeddable":true,"href":"https:\/\/www.sincomam.org.br\/index.php\/wp-json\/wp\/v2\/media\/8347"}],"wp:attachment":[{"href":"https:\/\/www.sincomam.org.br\/index.php\/wp-json\/wp\/v2\/media?parent=27468"}],"wp:term":[{"taxonomy":"category","embeddable":true,"href":"https:\/\/www.sincomam.org.br\/index.php\/wp-json\/wp\/v2\/categories?post=27468"},{"taxonomy":"post_tag","embeddable":true,"href":"https:\/\/www.sincomam.org.br\/index.php\/wp-json\/wp\/v2\/tags?post=27468"}],"curies":[{"name":"wp","href":"https:\/\/api.w.org\/{rel}","templated":true}]}}