{"id":27457,"date":"2018-07-17T00:34:47","date_gmt":"2018-07-17T03:34:47","guid":{"rendered":"http:\/\/www.sincomam.org.br\/?p=27457"},"modified":"2018-07-16T10:36:18","modified_gmt":"2018-07-16T13:36:18","slug":"alta-dos-precos-administrados-em-2018-passa-de-640-para-645-revela-focus","status":"publish","type":"post","link":"https:\/\/www.sincomam.org.br\/index.php\/alta-dos-precos-administrados-em-2018-passa-de-640-para-645-revela-focus\/","title":{"rendered":"Alta dos pre\u00e7os administrados em 2018 passa de 6,40% para 6,45%, revela Focus"},"content":{"rendered":"<p><span><span>O Relat\u00f3rio de Mercado Focus indicou eleva\u00e7\u00e3o na proje\u00e7\u00e3o para os pre\u00e7os administrados em 2018. A mediana das previs\u00f5es do mercado financeiro para o indicador este ano foi de alta de 6,40% para avan\u00e7o de 6,45%. Para 2019, a mediana passou de eleva\u00e7\u00e3o de 4,44% para alta de 4,40%.<br \/><\/span><\/span><\/p>\n<p>H\u00e1 um m\u00eas, o mercado projetava aumento de 6,16% para os pre\u00e7os administrados neste ano e eleva\u00e7\u00e3o de 4,50% no pr\u00f3ximo ano.<\/p>\n<p>As proje\u00e7\u00f5es atuais do BC para os pre\u00e7os administrados, no cen\u00e1rio de mercado, indicam eleva\u00e7\u00f5es de 7,2% em 2018 e 4,6% em 2019. Estes porcentuais foram atualizados no \u00faltimo Relat\u00f3rio Trimestral de Infla\u00e7\u00e3o (RTI).<\/p>\n<p>Mais cedo, os economistas do mercado financeiro reduziram a previs\u00e3o para o IPCA \u2013 o \u00edndice oficial de pre\u00e7os \u2013 de 2018. O Focus mostrou que a mediana para o IPCA este ano foi de 4,17% para 4,15%. H\u00e1 um m\u00eas, estava em 3,88%. J\u00e1 a proje\u00e7\u00e3o para o \u00edndice em 2019 permaneceu em 4,10%. Quatro semanas atr\u00e1s, tamb\u00e9m estava em 4,10%.<\/p>\n<div class=\"clearfix\">Fonte: G1<\/div>\n<div><ins class=\"adsbygoogle\" data-ad-layout=\"in-article\" data-ad-format=\"fluid\" data-ad-client=\"ca-pub-4663753467999594\" data-ad-slot=\"2453711447\" data-adsbygoogle-status=\"done\"><ins id=\"aswift_0_expand\"><\/ins><\/ins><\/div>\n","protected":false},"excerpt":{"rendered":"<p>O Relat\u00f3rio de Mercado Focus indicou eleva\u00e7\u00e3o na proje\u00e7\u00e3o para os pre\u00e7os administrados em 2018. A mediana das previs\u00f5es do mercado financeiro para o indicador&#8230;<\/p>\n","protected":false},"author":1182,"featured_media":18713,"comment_status":"closed","ping_status":"closed","sticky":false,"template":"","format":"standard","meta":{"footnotes":""},"categories":[6],"tags":[],"class_list":["post-27457","post","type-post","status-publish","format-standard","has-post-thumbnail","hentry","category-noticias"],"_links":{"self":[{"href":"https:\/\/www.sincomam.org.br\/index.php\/wp-json\/wp\/v2\/posts\/27457","targetHints":{"allow":["GET"]}}],"collection":[{"href":"https:\/\/www.sincomam.org.br\/index.php\/wp-json\/wp\/v2\/posts"}],"about":[{"href":"https:\/\/www.sincomam.org.br\/index.php\/wp-json\/wp\/v2\/types\/post"}],"author":[{"embeddable":true,"href":"https:\/\/www.sincomam.org.br\/index.php\/wp-json\/wp\/v2\/users\/1182"}],"replies":[{"embeddable":true,"href":"https:\/\/www.sincomam.org.br\/index.php\/wp-json\/wp\/v2\/comments?post=27457"}],"version-history":[{"count":1,"href":"https:\/\/www.sincomam.org.br\/index.php\/wp-json\/wp\/v2\/posts\/27457\/revisions"}],"predecessor-version":[{"id":27458,"href":"https:\/\/www.sincomam.org.br\/index.php\/wp-json\/wp\/v2\/posts\/27457\/revisions\/27458"}],"wp:featuredmedia":[{"embeddable":true,"href":"https:\/\/www.sincomam.org.br\/index.php\/wp-json\/wp\/v2\/media\/18713"}],"wp:attachment":[{"href":"https:\/\/www.sincomam.org.br\/index.php\/wp-json\/wp\/v2\/media?parent=27457"}],"wp:term":[{"taxonomy":"category","embeddable":true,"href":"https:\/\/www.sincomam.org.br\/index.php\/wp-json\/wp\/v2\/categories?post=27457"},{"taxonomy":"post_tag","embeddable":true,"href":"https:\/\/www.sincomam.org.br\/index.php\/wp-json\/wp\/v2\/tags?post=27457"}],"curies":[{"name":"wp","href":"https:\/\/api.w.org\/{rel}","templated":true}]}}