{"id":27379,"date":"2018-07-26T00:00:54","date_gmt":"2018-07-26T03:00:54","guid":{"rendered":"http:\/\/www.sincomam.org.br\/?p=27379"},"modified":"2018-07-23T17:19:13","modified_gmt":"2018-07-23T20:19:13","slug":"ordem-de-servico-para-a-dragagem-do-porto-do-mucuripe-e-assinada","status":"publish","type":"post","link":"https:\/\/www.sincomam.org.br\/index.php\/ordem-de-servico-para-a-dragagem-do-porto-do-mucuripe-e-assinada\/","title":{"rendered":"Ordem de servi\u00e7o para a dragagem do Porto do Mucuripe \u00e9 assinada"},"content":{"rendered":"<p>O ministro dos Transportes, Portos e Avia\u00e7\u00e3o, Valter Casimiro, foi a Fortaleza para assinar a Ordem de Servi\u00e7o ( Cid Barbosa )<\/p>\n<p>Foi assinada a ordem de servi\u00e7o para a dragagem do Porto de Fortaleza (Mucuripe) no Terminal de Passageiros do equipamento.<\/p>\n<p>A obra deve ser iniciada ainda em julho e ter\u00e1 dura\u00e7\u00e3o de quatro meses. Ap\u00f3s este prazo, a \u00e1rea de acesso ao cais do novo terminal de passageiros ser\u00e1 ampliada, possibilitando a atraca\u00e7\u00e3o de navios para a movimenta\u00e7\u00e3o de passageiros e carga geral.<\/p>\n<p>Dentre os presentes, estavam o ministro dos Transportes, Portos e Avia\u00e7\u00e3o, Valter Casimiro; o presidente do Senado, Eun\u00edcio Oliveira; o diretor-presidente da Companhia Docas do Cear\u00e1, C\u00e9sar Augusto Pinheiro; o secret\u00e1rio de Turismo do Cear\u00e1, Arialdo Pinho; e o presidente da Zona de Processamento e Exporta\u00e7\u00e3o (ZPE) do Cear\u00e1, M\u00e1rio Lima; a deputada federal, Gorete Pereira (PR); e o vice-prefeito Moroni Torgan (DEM).\u00a0 \u00a0\u00a0<\/p>\n<p>Fonte: Di\u00e1rio do Nordeste<\/p>\n<div class=\"jwDisqusForm\"><\/div>\n","protected":false},"excerpt":{"rendered":"<p>O ministro dos Transportes, Portos e Avia\u00e7\u00e3o, Valter Casimiro, foi a Fortaleza para assinar a Ordem de Servi\u00e7o ( Cid Barbosa ) Foi assinada a&#8230;<\/p>\n","protected":false},"author":1182,"featured_media":4044,"comment_status":"closed","ping_status":"closed","sticky":false,"template":"","format":"standard","meta":{"footnotes":""},"categories":[6],"tags":[],"class_list":["post-27379","post","type-post","status-publish","format-standard","has-post-thumbnail","hentry","category-noticias"],"_links":{"self":[{"href":"https:\/\/www.sincomam.org.br\/index.php\/wp-json\/wp\/v2\/posts\/27379","targetHints":{"allow":["GET"]}}],"collection":[{"href":"https:\/\/www.sincomam.org.br\/index.php\/wp-json\/wp\/v2\/posts"}],"about":[{"href":"https:\/\/www.sincomam.org.br\/index.php\/wp-json\/wp\/v2\/types\/post"}],"author":[{"embeddable":true,"href":"https:\/\/www.sincomam.org.br\/index.php\/wp-json\/wp\/v2\/users\/1182"}],"replies":[{"embeddable":true,"href":"https:\/\/www.sincomam.org.br\/index.php\/wp-json\/wp\/v2\/comments?post=27379"}],"version-history":[{"count":2,"href":"https:\/\/www.sincomam.org.br\/index.php\/wp-json\/wp\/v2\/posts\/27379\/revisions"}],"predecessor-version":[{"id":27544,"href":"https:\/\/www.sincomam.org.br\/index.php\/wp-json\/wp\/v2\/posts\/27379\/revisions\/27544"}],"wp:featuredmedia":[{"embeddable":true,"href":"https:\/\/www.sincomam.org.br\/index.php\/wp-json\/wp\/v2\/media\/4044"}],"wp:attachment":[{"href":"https:\/\/www.sincomam.org.br\/index.php\/wp-json\/wp\/v2\/media?parent=27379"}],"wp:term":[{"taxonomy":"category","embeddable":true,"href":"https:\/\/www.sincomam.org.br\/index.php\/wp-json\/wp\/v2\/categories?post=27379"},{"taxonomy":"post_tag","embeddable":true,"href":"https:\/\/www.sincomam.org.br\/index.php\/wp-json\/wp\/v2\/tags?post=27379"}],"curies":[{"name":"wp","href":"https:\/\/api.w.org\/{rel}","templated":true}]}}