{"id":27081,"date":"2018-06-06T00:01:04","date_gmt":"2018-06-06T03:01:04","guid":{"rendered":"http:\/\/sincomam.org.br\/?p=27081"},"modified":"2018-06-05T12:07:03","modified_gmt":"2018-06-05T15:07:03","slug":"governo-calcula-gastos-de-r-30-bi-para-segurar-preco-dos-combustiveis","status":"publish","type":"post","link":"https:\/\/www.sincomam.org.br\/index.php\/governo-calcula-gastos-de-r-30-bi-para-segurar-preco-dos-combustiveis\/","title":{"rendered":"Governo calcula gastos de R$ 30 bi para segurar pre\u00e7o dos combust\u00edveis"},"content":{"rendered":"<p>Subsidiar o pre\u00e7o do diesel, da gasolina e do g\u00e1s de cozinha para evitar que os reajustes da Petrobr\u00e1s sejam repassados totalmente \u00e0 popula\u00e7\u00e3o custaria R$ 30 bilh\u00f5es ao Tesouro Nacional at\u00e9 o fim do ano, segundo interlocutores do presidente Michel Temer. Esse \u00e9 um desejo de parte do governo, que teme que a insatisfa\u00e7\u00e3o popular com a alta dos combust\u00edveis n\u00e3o acabe mesmo com o desconto no pre\u00e7o do diesel, que atendeu \u00e0 reivindica\u00e7\u00e3o dos caminhoneiros.<\/p>\n<p>A ideia em estudo por uma ala do governo \u00e9 criar um \u201ccolch\u00e3o tribut\u00e1rio\u201d para amortecer aumentos elevados no pre\u00e7o dos combust\u00edveis diante de altas expressivas do barril de petr\u00f3leo e do d\u00f3lar. Seria algo semelhante ao que foi feito com o diesel: os reajustes passaram a ser mensais e a Petrobr\u00e1s deixou de repassar ao consumidor todo o aumento. A diferen\u00e7a \u2013 para n\u00e3o prejudicar a estatal \u2013 \u00e9 coberta pela Uni\u00e3o. Segundo fontes do Pal\u00e1cio do Planalto, no entanto, n\u00e3o h\u00e1 espa\u00e7o para cobrir essas despesas remanejando recursos do Or\u00e7amento.<\/p>\n<p>Do total de R$ 30 bilh\u00f5es, R$ 13,5 bilh\u00f5es devem cobrir os subs\u00eddios do diesel. Para compens\u00e1-los, o governo aumentou o n\u00famero de setores que voltaram a pagar imposto sobre a folha de pagamento, quase extinguiu incentivos a exportadores e reduziu benef\u00edcios tribut\u00e1rios \u00e0 ind\u00fastria qu\u00edmica e de bebidas.<\/p>\n<p>Para diminuir o pre\u00e7o da gasolina, seriam necess\u00e1rios outros R$ 13 bilh\u00f5es. O g\u00e1s mais barato consumiria R$ 4 bilh\u00f5es dos cofres p\u00fablicos.<\/p>\n<p>O ministro de Minas e Energia, Moreira Franco, defende abertamente esse \u201cseguro\u201d e foi respons\u00e1vel por criar um grupo de trabalho para a cria\u00e7\u00e3o de uma \u201cpol\u00edtica de amortecimento dos pre\u00e7os dos combust\u00edveis ao consumidor\u201d. A primeira reuni\u00e3o do grupo foi feita sexta-feira, 1, quando Pedro Parente pediu demiss\u00e3o do comando da estatal depois de sofrer press\u00e3o para alterar a pol\u00edtica de pre\u00e7os da companhia.<\/p>\n<p>O ministro-chefe da Casa Civil, Eliseu Padilha, admitiu que poder\u00e1 haver mudan\u00e7as na periodicidade de repasse para os usu\u00e1rios do pre\u00e7o dos combust\u00edveis. Reiterou, no entanto, que n\u00e3o haver\u00e1 mudan\u00e7a na pol\u00edtica de pre\u00e7os da Petrobr\u00e1s. \u201cA pol\u00edtica de pre\u00e7os da Petrobr\u00e1s est\u00e1 preservada e n\u00e3o se mexe.\u201d<\/p>\n<p>Segundo Padilha, o grupo de trabalho tem de encontrar uma solu\u00e7\u00e3o sem que a pol\u00edtica de pre\u00e7os dos combust\u00edveis seja alterada, respeitando os par\u00e2metros do pre\u00e7o internacional e do d\u00f3lar.<\/p>\n<p>Na segunda-feira, 04, em reuni\u00e3o de avalia\u00e7\u00e3o no Planalto, o governo reconheceu que a crise foi \u201cmuito grave\u201d e, apesar de ela estar equacionada, h\u00e1 uma tens\u00e3o no ar. O governo teme novas press\u00f5es, agora por parte da popula\u00e7\u00e3o em geral, contra os reajustes di\u00e1rios da gasolina. H\u00e1 uma insatisfa\u00e7\u00e3o tamb\u00e9m com o pre\u00e7o do g\u00e1s, que continua alto para os consumidores, apesar de a estatal ter mudado a periodicidade dos reajustes.<\/p>\n<p>De acordo com dados da Ag\u00eancia Nacional de Petr\u00f3leo (ANP), as distribuidoras s\u00e3o as principais respons\u00e1veis pela falta de repasses. Com dois cortes promovidos pela Petrobr\u00e1s neste ano, o pre\u00e7o do produto nas refinarias acumula queda de 9,2% no ano. No per\u00edodo, por\u00e9m, o pre\u00e7o m\u00e9dio do botij\u00e3o de 13 kg caiu apenas 0,3%. O pre\u00e7o m\u00e9dio do botij\u00e3o \u00e9 de R$ 66,87.<span>\u00a0<br \/><\/span><br \/>Fonte: O Estado de SP<\/p>\n","protected":false},"excerpt":{"rendered":"<p>Subsidiar o pre\u00e7o do diesel, da gasolina e do g\u00e1s de cozinha para evitar que os reajustes da Petrobr\u00e1s sejam repassados totalmente \u00e0 popula\u00e7\u00e3o custaria&#8230;<\/p>\n","protected":false},"author":1182,"featured_media":18837,"comment_status":"closed","ping_status":"closed","sticky":false,"template":"","format":"standard","meta":{"footnotes":""},"categories":[6],"tags":[],"class_list":["post-27081","post","type-post","status-publish","format-standard","has-post-thumbnail","hentry","category-noticias"],"_links":{"self":[{"href":"https:\/\/www.sincomam.org.br\/index.php\/wp-json\/wp\/v2\/posts\/27081","targetHints":{"allow":["GET"]}}],"collection":[{"href":"https:\/\/www.sincomam.org.br\/index.php\/wp-json\/wp\/v2\/posts"}],"about":[{"href":"https:\/\/www.sincomam.org.br\/index.php\/wp-json\/wp\/v2\/types\/post"}],"author":[{"embeddable":true,"href":"https:\/\/www.sincomam.org.br\/index.php\/wp-json\/wp\/v2\/users\/1182"}],"replies":[{"embeddable":true,"href":"https:\/\/www.sincomam.org.br\/index.php\/wp-json\/wp\/v2\/comments?post=27081"}],"version-history":[{"count":1,"href":"https:\/\/www.sincomam.org.br\/index.php\/wp-json\/wp\/v2\/posts\/27081\/revisions"}],"predecessor-version":[{"id":27082,"href":"https:\/\/www.sincomam.org.br\/index.php\/wp-json\/wp\/v2\/posts\/27081\/revisions\/27082"}],"wp:featuredmedia":[{"embeddable":true,"href":"https:\/\/www.sincomam.org.br\/index.php\/wp-json\/wp\/v2\/media\/18837"}],"wp:attachment":[{"href":"https:\/\/www.sincomam.org.br\/index.php\/wp-json\/wp\/v2\/media?parent=27081"}],"wp:term":[{"taxonomy":"category","embeddable":true,"href":"https:\/\/www.sincomam.org.br\/index.php\/wp-json\/wp\/v2\/categories?post=27081"},{"taxonomy":"post_tag","embeddable":true,"href":"https:\/\/www.sincomam.org.br\/index.php\/wp-json\/wp\/v2\/tags?post=27081"}],"curies":[{"name":"wp","href":"https:\/\/api.w.org\/{rel}","templated":true}]}}