{"id":27075,"date":"2018-06-05T00:30:55","date_gmt":"2018-06-05T03:30:55","guid":{"rendered":"http:\/\/sincomam.org.br\/?p=27075"},"modified":"2018-06-04T22:31:04","modified_gmt":"2018-06-05T01:31:04","slug":"produtores-brasileiros-de-aluminio-optam-por-sobretaxa-dos-eua-para-nao-reduzir-volume-exportado","status":"publish","type":"post","link":"https:\/\/www.sincomam.org.br\/index.php\/produtores-brasileiros-de-aluminio-optam-por-sobretaxa-dos-eua-para-nao-reduzir-volume-exportado\/","title":{"rendered":"Produtores brasileiros de alum\u00ednio optam por sobretaxa dos EUA para n\u00e3o reduzir volume exportado"},"content":{"rendered":"<p>O governo Trump anunciou a imposi\u00e7\u00e3o de tarifas de importa\u00e7\u00e3o ao a\u00e7o e alum\u00ednio de diversos pa\u00edses. O decreto americano mant\u00e9m a isen\u00e7\u00e3o de tarifa ao a\u00e7o brasileiro, que, em compensa\u00e7\u00e3o, ter\u00e1 uma cota m\u00e1xima de exporta\u00e7\u00e3o para os EUA. O mesmo, no entanto, n\u00e3o acontece para o alum\u00ednio daqui. O setor preferiu optar pela sobretaxa a ter de limitar seu n\u00famero de exporta\u00e7\u00f5es. Aplicada, a tarifa de importa\u00e7\u00e3o americana poder\u00e1 chegar a 16%, segundo a Associa\u00e7\u00e3o Brasileira do Alum\u00ednio (ABAL).\u00a0<\/p>\n<p>Trump tem defendido nos \u00faltimos dias a teoria de que o FBI se infiltrou em sua campanha \u00e0 Casa Branca<\/p>\n<p>Em mar\u00e7o 2018, o governo americano deu duas alternativas para os pa\u00edses aos quais pretendia impor san\u00e7\u00f5es. Ou escolhiam por uma sobretaxa de importa\u00e7\u00e3o de 10% ou por uma cota m\u00e1xima entradas para os produtos. &#8220;Se tiv\u00e9ssemos escolhido a cota de exporta\u00e7\u00f5es, at\u00e9 estar\u00edamos mais competitivos do ponto de vista do pre\u00e7o, mas o volume exportado seria muito pouco e ir\u00edamos praticamente abandonar o mercado americano&#8221;, conta o presidente-executivo da ABAL, Milton Rego.<\/p>\n<p>Conforme explica, o c\u00e1lculo imposto pelo governo americano para se estipular o m\u00e1ximo de exporta\u00e7\u00f5es \u00e9 a m\u00e9dia das sa\u00eddas dos produtos para o pa\u00eds de 2013 a 2017. De acordo com Rego, essa m\u00e9dia seria muito baixa, j\u00e1 que no in\u00edcio desse per\u00edodo o Brasil exportava pouco alum\u00ednio para os EUA. Com esse n\u00famero os empres\u00e1rios n\u00e3o conseguiriam cumprir contratos e perderiam muita entrada de alum\u00ednio brasileiro no mercado americano. Dessa forma, o setor decidiu escolher pela sobretaxa e manter os acordos comerciais com seus clientes.<\/p>\n<p>\u00c0 sobretaxa de 10%, contudo, se acrescentar\u00e1 um valor de 3% a 6%, referente a isen\u00e7\u00e3o que o alum\u00ednio do Brasil tinha pelo Sistema Geral de Prefer\u00eancias (SGP), que ser\u00e1 eliminada. O presidente-executivo da ABAL afirma que essa diferen\u00e7a nos custos, gerada pela taxa, provavelmente refletir\u00e1 nos pre\u00e7os l\u00e1 fora, j\u00e1 que dificilmente o empres\u00e1rio brasileiro conseguir\u00e1 bancar o reajuste.<\/p>\n<p>&#8220;Com isso nossos pre\u00e7os no mercado americano aumentar\u00e3o mais ainda e poderemos ser mais impactados em compara\u00e7\u00e3o a outros pa\u00edses&#8221;, diz Milton Rego. O SGP gerava uma redu\u00e7\u00e3o das tarifas de exporta\u00e7\u00e3o para alguns produtos, normalmente para pa\u00edses em desenvolvimento.<\/p>\n<p>Consequ\u00eancias. &#8220;Nossa maior preocupa\u00e7\u00e3o \u00e9 com a sobreoferta que ser\u00e1 gerada. O mercado brasileiro tamb\u00e9m corre o risco de ser inundado por alum\u00ednio de outros pa\u00edses e isso s\u00f3 vai acirrar ainda mais a competi\u00e7\u00e3o internacional.&#8221;, ressalta Rego. O setor exporta cerca de 40 mil toneladas de alum\u00ednio para os EUA.<\/p>\n<p>O presidente-executivo, entretanto, acredita que mesmo com as altas de pre\u00e7os, o mercado americano continuar\u00e1 a comprar do Brasil e de outros pa\u00edses, j\u00e1 que internamente o que \u00e9 produzido pelos EUA n\u00e3o seria suficiente. &#8220;Montar um parque industrial de alum\u00ednio leva tempo&#8221;, acrescenta Rego sobre a capacidade de produ\u00e7\u00e3o de alum\u00ednio americana.<\/p>\n<p>Fonte: Estad\u00e3o<\/p>\n<div class=\"jwDisqusForm\"><\/div>\n","protected":false},"excerpt":{"rendered":"<p>O governo Trump anunciou a imposi\u00e7\u00e3o de tarifas de importa\u00e7\u00e3o ao a\u00e7o e alum\u00ednio de diversos pa\u00edses. O decreto americano mant\u00e9m a isen\u00e7\u00e3o de tarifa&#8230;<\/p>\n","protected":false},"author":1182,"featured_media":21483,"comment_status":"closed","ping_status":"closed","sticky":false,"template":"","format":"standard","meta":{"footnotes":""},"categories":[6],"tags":[],"class_list":["post-27075","post","type-post","status-publish","format-standard","has-post-thumbnail","hentry","category-noticias"],"_links":{"self":[{"href":"https:\/\/www.sincomam.org.br\/index.php\/wp-json\/wp\/v2\/posts\/27075","targetHints":{"allow":["GET"]}}],"collection":[{"href":"https:\/\/www.sincomam.org.br\/index.php\/wp-json\/wp\/v2\/posts"}],"about":[{"href":"https:\/\/www.sincomam.org.br\/index.php\/wp-json\/wp\/v2\/types\/post"}],"author":[{"embeddable":true,"href":"https:\/\/www.sincomam.org.br\/index.php\/wp-json\/wp\/v2\/users\/1182"}],"replies":[{"embeddable":true,"href":"https:\/\/www.sincomam.org.br\/index.php\/wp-json\/wp\/v2\/comments?post=27075"}],"version-history":[{"count":1,"href":"https:\/\/www.sincomam.org.br\/index.php\/wp-json\/wp\/v2\/posts\/27075\/revisions"}],"predecessor-version":[{"id":27076,"href":"https:\/\/www.sincomam.org.br\/index.php\/wp-json\/wp\/v2\/posts\/27075\/revisions\/27076"}],"wp:featuredmedia":[{"embeddable":true,"href":"https:\/\/www.sincomam.org.br\/index.php\/wp-json\/wp\/v2\/media\/21483"}],"wp:attachment":[{"href":"https:\/\/www.sincomam.org.br\/index.php\/wp-json\/wp\/v2\/media?parent=27075"}],"wp:term":[{"taxonomy":"category","embeddable":true,"href":"https:\/\/www.sincomam.org.br\/index.php\/wp-json\/wp\/v2\/categories?post=27075"},{"taxonomy":"post_tag","embeddable":true,"href":"https:\/\/www.sincomam.org.br\/index.php\/wp-json\/wp\/v2\/tags?post=27075"}],"curies":[{"name":"wp","href":"https:\/\/api.w.org\/{rel}","templated":true}]}}