{"id":27060,"date":"2018-06-04T12:15:54","date_gmt":"2018-06-04T15:15:54","guid":{"rendered":"http:\/\/sincomam.org.br\/?p=27060"},"modified":"2018-06-04T12:15:54","modified_gmt":"2018-06-04T15:15:54","slug":"total-esta-determinada-a-seguir-com-planos-de-perfuracao-da-foz-do-amazonas-diz-ceo","status":"publish","type":"post","link":"https:\/\/www.sincomam.org.br\/index.php\/total-esta-determinada-a-seguir-com-planos-de-perfuracao-da-foz-do-amazonas-diz-ceo\/","title":{"rendered":"Total est\u00e1 determinada a seguir com planos de perfura\u00e7\u00e3o da Foz do Amazonas, diz CEO"},"content":{"rendered":"<p>A Total n\u00e3o abandonou os planos de perfurar a Foz do Amazonas depois que o Ibama rejeitou o pedido de licen\u00e7a da empresa francesa pela quarta vez, disse o presidente-executivo da companhia de petr\u00f3leo e g\u00e1s na sexta-feira.<\/p>\n<p>Patrick Pouyanne disse que a empresa n\u00e3o vai ceder a nenhum tipo de chantagem. Ele come\u00e7ou a falar enquanto v\u00e1rios ativistas do Greenpeace pendiam em cordas acima dele em protesto contra os planos de explora\u00e7\u00e3o.<\/p>\n<p>\u201cNossa posi\u00e7\u00e3o no projeto da Amaz\u00f4nia n\u00e3o foi abandonada. Temos nossos direitos e obviamente temos que respeitar as leis brasileiras\u201d, disse Pouyanne.<\/p>\n<p>\u201cTamb\u00e9m est\u00e1 claro que os reguladores ambientais do Brasil est\u00e3o sob imensa press\u00e3o de outras organiza\u00e7\u00f5es. Estamos trocando informa\u00e7\u00f5es com eles\u201d, acrescentou.<\/p>\n<p>O Instituto Brasileiro do Meio Ambiente e dos Recursos Naturais Renov\u00e1veis (Ibama) rejeitou pela quarta vez o pedido da petrol\u00edfera francesa para perfurar e explorar petr\u00f3leo e g\u00e1s na Foz do Rio Amazonas, de acordo com parecer divulgado no in\u00edcio da semana, alegando que os estudos ambientais eram \u201cinsuficientes\u201d.<\/p>\n<p>Uma expedi\u00e7\u00e3o no m\u00eas passado de ativistas ambientais do Greenpeace documentou corais na \u00e1rea onde a Total planeja perfurar, ap\u00f3s a descoberta de um enorme recife de coral nas proximidades.<\/p>\n<p>A recusa da ag\u00eancia em aceitar o estudo de impacto ambiental da Total j\u00e1 adiou por mais de quatro anos os planos da empresa para explorar a bacia mar\u00edtima. A bacia pode conter at\u00e9 14 bilh\u00f5es de barris de petr\u00f3leo, ou mais do que todas as reservas comprovadas no Golfo do M\u00e9xico, segundo os ge\u00f3logos.<\/p>\n<p>Fonte: Reuters<\/p>\n","protected":false},"excerpt":{"rendered":"<p>A Total n\u00e3o abandonou os planos de perfurar a Foz do Amazonas depois que o Ibama rejeitou o pedido de licen\u00e7a da empresa francesa pela&#8230;<\/p>\n","protected":false},"author":1182,"featured_media":6531,"comment_status":"closed","ping_status":"closed","sticky":false,"template":"","format":"standard","meta":{"footnotes":""},"categories":[6],"tags":[],"class_list":["post-27060","post","type-post","status-publish","format-standard","has-post-thumbnail","hentry","category-noticias"],"_links":{"self":[{"href":"https:\/\/www.sincomam.org.br\/index.php\/wp-json\/wp\/v2\/posts\/27060","targetHints":{"allow":["GET"]}}],"collection":[{"href":"https:\/\/www.sincomam.org.br\/index.php\/wp-json\/wp\/v2\/posts"}],"about":[{"href":"https:\/\/www.sincomam.org.br\/index.php\/wp-json\/wp\/v2\/types\/post"}],"author":[{"embeddable":true,"href":"https:\/\/www.sincomam.org.br\/index.php\/wp-json\/wp\/v2\/users\/1182"}],"replies":[{"embeddable":true,"href":"https:\/\/www.sincomam.org.br\/index.php\/wp-json\/wp\/v2\/comments?post=27060"}],"version-history":[{"count":1,"href":"https:\/\/www.sincomam.org.br\/index.php\/wp-json\/wp\/v2\/posts\/27060\/revisions"}],"predecessor-version":[{"id":27061,"href":"https:\/\/www.sincomam.org.br\/index.php\/wp-json\/wp\/v2\/posts\/27060\/revisions\/27061"}],"wp:featuredmedia":[{"embeddable":true,"href":"https:\/\/www.sincomam.org.br\/index.php\/wp-json\/wp\/v2\/media\/6531"}],"wp:attachment":[{"href":"https:\/\/www.sincomam.org.br\/index.php\/wp-json\/wp\/v2\/media?parent=27060"}],"wp:term":[{"taxonomy":"category","embeddable":true,"href":"https:\/\/www.sincomam.org.br\/index.php\/wp-json\/wp\/v2\/categories?post=27060"},{"taxonomy":"post_tag","embeddable":true,"href":"https:\/\/www.sincomam.org.br\/index.php\/wp-json\/wp\/v2\/tags?post=27060"}],"curies":[{"name":"wp","href":"https:\/\/api.w.org\/{rel}","templated":true}]}}