{"id":27058,"date":"2018-06-04T12:14:06","date_gmt":"2018-06-04T15:14:06","guid":{"rendered":"http:\/\/sincomam.org.br\/?p=27058"},"modified":"2018-06-04T12:14:06","modified_gmt":"2018-06-04T15:14:06","slug":"porto-de-santos-permanece-com-nivel-de-seguranca-elevado-apos-greve","status":"publish","type":"post","link":"https:\/\/www.sincomam.org.br\/index.php\/porto-de-santos-permanece-com-nivel-de-seguranca-elevado-apos-greve\/","title":{"rendered":"Porto de Santos permanece com n\u00edvel de seguran\u00e7a elevado ap\u00f3s greve"},"content":{"rendered":"<p>Por conta da greve dos caminhoneiros aut\u00f4nomos que durou 11 dias e paralisou a movimenta\u00e7\u00e3o rodovi\u00e1ria no Porto de Santos, no litoral de S\u00e3o Paulo, a Comiss\u00e3o Estadual de Seguran\u00e7a P\u00fablica nos Portos, Terminais e Vias Naveg\u00e1veis (Cesportos) manter\u00e1, por precau\u00e7\u00e3o, o grau elevado de seguran\u00e7a dentro dos terminais nos pr\u00f3ximos dias.<\/p>\n<p>Na quinta-feira (24), durante a greve dos caminhoneiros, a Cesportos divulgou que o n\u00edvel de seguran\u00e7a no Porto de Santos havia sido elevado para II. Essa medida permite que as equipes da Pol\u00edcia Militar de S\u00e3o Paulo acessem \u00e1rea federal para conter eventuais ocorr\u00eancias. Apesar do t\u00e9rmino da greve, a situa\u00e7\u00e3o ser\u00e1 mantida.<\/p>\n<p>&#8220;A situa\u00e7\u00e3o de n\u00edvel II permanecer\u00e1 por mais alguns dias, por precau\u00e7\u00e3o. Apesar disso, posso garantir que o Porto j\u00e1 est\u00e1 operando normalmente. N\u00e3o h\u00e1 mais nenhuma quest\u00e3o que nos preocupe&#8221;, informou o delegado da Pol\u00edcia Federal em Santos, GIlberto Ant\u00f4nio de Castro J\u00fanior. Por enquanto, n\u00e3o h\u00e1 prazo para que o novo par\u00e2metro deixe de vigorar.<\/p>\n<p><strong>Greve<\/strong><\/p>\n<p>A greve dos caminhoneiros come\u00e7ou em 21 de maio em todo o Brasil. Os profissionais pediam a redu\u00e7\u00e3o no valor dos combust\u00edveis e o aumento do pre\u00e7o do frete. Na Baixada Santista e no Vale do Ribeira, a categoria tamb\u00e9m se mobilizou em rodovias e nos acessos ao Porto de Santos.<\/p>\n<p>No s\u00e1bado (26), por conta do decreto presidencial para a Garantia da Lei e da Ordem (GLO), o Navio-Patrulha Maca\u00e9 (P70) atracou no cais santista com 22 fuzileiros como medida emergencial.<\/p>\n<p>No domingo (27), outros 260 fuzileiros navais chegaram a Santos no Navio Doca Multiprop\u00f3sito Bahia (G40). Vindo do Rio de Janeiro, ele chegou com sete caminh\u00f5es para transportar tropas, tr\u00eas blindados e dois helic\u00f3pteros.<\/p>\n<p>No in\u00edcio da manh\u00e3 de quinta-feira (31), 1.500 militares da Marinha do Brasil, Ex\u00e9rcito Brasileiro e da For\u00e7a A\u00e9rea Brasileira, com apoio da Pol\u00edcia Militar do Estado de S\u00e3o Paulo e da Pol\u00edcia Rodovi\u00e1ria Federal, chegaram ao local com ve\u00edculos blindados para fazer a garantir da entrada e sa\u00edda dos caminh\u00f5es, que ainda estavam dentro dos terminais. J\u00e1 de noite, a categoria decidiu encerrar a greve, ap\u00f3s assembleia realizada no local.<\/p>\n<p>Fonte: G1<\/p>\n","protected":false},"excerpt":{"rendered":"<p>Por conta da greve dos caminhoneiros aut\u00f4nomos que durou 11 dias e paralisou a movimenta\u00e7\u00e3o rodovi\u00e1ria no Porto de Santos, no litoral de S\u00e3o Paulo,&#8230;<\/p>\n","protected":false},"author":1182,"featured_media":18514,"comment_status":"closed","ping_status":"closed","sticky":false,"template":"","format":"standard","meta":{"footnotes":""},"categories":[6],"tags":[],"class_list":["post-27058","post","type-post","status-publish","format-standard","has-post-thumbnail","hentry","category-noticias"],"_links":{"self":[{"href":"https:\/\/www.sincomam.org.br\/index.php\/wp-json\/wp\/v2\/posts\/27058","targetHints":{"allow":["GET"]}}],"collection":[{"href":"https:\/\/www.sincomam.org.br\/index.php\/wp-json\/wp\/v2\/posts"}],"about":[{"href":"https:\/\/www.sincomam.org.br\/index.php\/wp-json\/wp\/v2\/types\/post"}],"author":[{"embeddable":true,"href":"https:\/\/www.sincomam.org.br\/index.php\/wp-json\/wp\/v2\/users\/1182"}],"replies":[{"embeddable":true,"href":"https:\/\/www.sincomam.org.br\/index.php\/wp-json\/wp\/v2\/comments?post=27058"}],"version-history":[{"count":1,"href":"https:\/\/www.sincomam.org.br\/index.php\/wp-json\/wp\/v2\/posts\/27058\/revisions"}],"predecessor-version":[{"id":27059,"href":"https:\/\/www.sincomam.org.br\/index.php\/wp-json\/wp\/v2\/posts\/27058\/revisions\/27059"}],"wp:featuredmedia":[{"embeddable":true,"href":"https:\/\/www.sincomam.org.br\/index.php\/wp-json\/wp\/v2\/media\/18514"}],"wp:attachment":[{"href":"https:\/\/www.sincomam.org.br\/index.php\/wp-json\/wp\/v2\/media?parent=27058"}],"wp:term":[{"taxonomy":"category","embeddable":true,"href":"https:\/\/www.sincomam.org.br\/index.php\/wp-json\/wp\/v2\/categories?post=27058"},{"taxonomy":"post_tag","embeddable":true,"href":"https:\/\/www.sincomam.org.br\/index.php\/wp-json\/wp\/v2\/tags?post=27058"}],"curies":[{"name":"wp","href":"https:\/\/api.w.org\/{rel}","templated":true}]}}