{"id":27052,"date":"2018-06-04T12:12:03","date_gmt":"2018-06-04T15:12:03","guid":{"rendered":"http:\/\/sincomam.org.br\/?p=27052"},"modified":"2018-06-04T12:12:03","modified_gmt":"2018-06-04T15:12:03","slug":"na-semana-do-meio-ambiente-porto-de-paranagua-comemora-a-marca-de-58-mil-acoes-de-monitoramento-ambiental","status":"publish","type":"post","link":"https:\/\/www.sincomam.org.br\/index.php\/na-semana-do-meio-ambiente-porto-de-paranagua-comemora-a-marca-de-58-mil-acoes-de-monitoramento-ambiental\/","title":{"rendered":"Na Semana do Meio Ambiente, Porto de Paranagu\u00e1 comemora a marca de 58 mil a\u00e7\u00f5es de monitoramento ambiental"},"content":{"rendered":"<p>O Porto de Paranagu\u00e1 contabiliza \u2013 nesta semana em que \u00e9 comemorado o Dia Mundial do Meio Ambiente (05 de junho) &#8211; a marca de 58.717 a\u00e7\u00f5es realizadas para controle e monitoramento ambiental.<\/p>\n<p>Desde 2013, quando o Porto obteve a sua licen\u00e7a de opera\u00e7\u00e3o, a Administra\u00e7\u00e3o dos Portos de Paranagu\u00e1 e Antonina (Appa) j\u00e1 investiu cerca de R$70 milh\u00f5es em estudos ambientais, planos de emerg\u00eancia, tratamento de efluentes, coleta e destina\u00e7\u00e3o de res\u00edduos s\u00f3lidos, varri\u00e7\u00e3o de ruas e avenidas, recupera\u00e7\u00e3o de passivos ambientais, gerenciamento de emiss\u00f5es atmosf\u00e9ricas e de ru\u00eddos, gerenciamento de \u00e1gua de lastro dos navios, educa\u00e7\u00e3o ambiental, entre outros.<\/p>\n<p>De acordo com o diretor-presidente da Appa, Louren\u00e7o Fregonese, estes investimentos e a\u00e7\u00f5es fizeram com que o Porto de Paranagu\u00e1 saltasse da 26\u00aa posi\u00e7\u00e3o, em 2012, no \u00cdndice de Desempenho Ambiental da Ag\u00eancia Nacional de Transportes Aquavi\u00e1rios (Antaq), para a 1\u00aa coloca\u00e7\u00e3o, em 2017 em qualidade de servi\u00e7os ambientais.<\/p>\n<p>\u201cNesta data temos muito o que comemorar. Passamos de um porto embargado e autuado em 2010, para um porto com mais de 30 licen\u00e7as ambientais e exemplo nacional de conserva\u00e7\u00e3o do meio ambiente\u201d, declarou Fregonese.<\/p>\n<p>O diretor de Meio Ambiente da Appa, Bruno da Silveira Guimaraes, explica que o monitoramento e a avalia\u00e7\u00e3o ambiental permanentes auxiliam na tomada de decis\u00f5es corretivas e preventivas para a manuten\u00e7\u00e3o da qualidade ambiental portu\u00e1ria.<\/p>\n<p>\u201c\u00c9 um trabalho com milhares de registros, dezenas de monitoramentos, centenas de relat\u00f3rios gerados. S\u00e3o mais de 18 mil notifica\u00e7\u00f5es em apenas um ano e que ajudaram o porto a ter um diagn\u00f3stico mais preciso da sua atua\u00e7\u00e3o ambiental e da evolu\u00e7\u00e3o deste trabalho\u201d, explica Bruno Guimaraes.<\/p>\n<p>\u00c1GUA E FAUNA\u2013 Os portos do Paran\u00e1 realizaram 17 campanhas para monitoramento da \u00e1gua. A coleta e an\u00e1lise da \u00e1gua \u00e9 feita em 30 pontos da ba\u00eda de Paranagu\u00e1. Tamb\u00e9m foram realizadas 17 campanhas de monitoramento de sedimento e biota, 29 campanhas de avifauna e 44.032 monitoramentos de desembarque pesqueiro. \u201cO envolvimento dos pescadores est\u00e1 possibilitando monitorar e quantificar a pesca nas ba\u00edas de Paranagu\u00e1 e Antonina\u201d, informa o diretor de Meio Ambiente da Appa.\u00a0<\/p>\n<p>O Programa de Monitoramento de Carcinofauna registrou 20 esp\u00e9cies de siris e caranguejos nos ecossistemas de manguezais nos arredores dos Portos do Paran\u00e1.\u00a0<\/p>\n<p>J\u00e1 o Programa de avifauna &#8211; que identifica e acompanha as aves que habitam a regi\u00e3o &#8211; auxilia a compreens\u00e3o do processo de migra\u00e7\u00e3o e a manuten\u00e7\u00e3o da qualidade local para as aves litor\u00e2neas.<\/p>\n<p>ENERGIA &#8211; Cerca de R$ 21 milh\u00f5es foram investidos para a troca da ilumina\u00e7\u00e3o tradicional por l\u00e2mpadas de LED, substituindo lumin\u00e1rias de 400 watts para 150 watts. O investimento gerou uma economia de 16%.\u00a0<\/p>\n<p>RES\u00cdDUOS \u2013 Desde 2013, o porto conta com um Plano de Gerenciamento de Res\u00edduos S\u00f3lidos, que inclui a distribui\u00e7\u00e3o de ca\u00e7ambas para a separa\u00e7\u00e3o correta dos res\u00edduos e a varri\u00e7\u00e3o di\u00e1ria das vias de acesso, ruas e avenidas no entorno da \u00e1rea portu\u00e1ria, no cais do Porto e nos terminais portu\u00e1rios. Em m\u00e9dia, s\u00e3o varridos 361 toneladas de res\u00edduos org\u00e2nicos por m\u00eas.\u00a0<\/p>\n<p>EMISS\u00d5ES ATMOSF\u00c9RICAS, RU\u00cdDOS E FUMA\u00c7A \u2013 Foram realizadas 53 campanhas de monitoramento de ru\u00eddos, 48 campanhas de monitoramento da fuma\u00e7a preta e 240 campanhas de monitoramento de emiss\u00f5es atmosf\u00e9ricas em doze pontos da cidade de Paranagu\u00e1 para avaliar a qualidade do ar. S\u00e3o cerca de 5,6 mil caminh\u00f5es que tem suas emiss\u00f5es de gases de combust\u00e3o monitorados. Com isso, \u00e9 poss\u00edvel verificar as condi\u00e7\u00f5es de regularem dos motores da frota que circula na regi\u00e3o do porto.\u00a0<\/p>\n<p>RESPONSABILIDADE SOCIOAMBIENTAL &#8211; Para conscientizar e orientar a popula\u00e7\u00e3o local, foram realizadas mais de 452 a\u00e7\u00f5es educativas, como palestras, semin\u00e1rios, mutir\u00f5es, capacita\u00e7\u00f5es ambientais, integrais, limpezas de mangue, treinamentos e oficinas em Paranagu\u00e1, Antonina e Pontal do Paran\u00e1.<\/p>\n<p>Al\u00e9m disso, o Programa Porto Escola \u2013 que traz ao cais do Porto alunos de escolas municipais &#8211; chegou \u00e0 marca de 7 mil crian\u00e7as atendidas. Os alunos assistem a aulas sobre meio ambiente, animais nativos da regi\u00e3o, hist\u00f3ria e fun\u00e7\u00e3o do Porto, seguran\u00e7a no trabalho, preven\u00e7\u00e3o \u00e0 dengue e dicas de seguran\u00e7a em ferrovias e ruas.<\/p>\n<p>Fonte: Appa<\/p>\n<div class=\"jwDisqusForm\"><\/div>\n","protected":false},"excerpt":{"rendered":"<p>O Porto de Paranagu\u00e1 contabiliza \u2013 nesta semana em que \u00e9 comemorado o Dia Mundial do Meio Ambiente (05 de junho) &#8211; a marca de&#8230;<\/p>\n","protected":false},"author":1182,"featured_media":20306,"comment_status":"closed","ping_status":"closed","sticky":false,"template":"","format":"standard","meta":{"footnotes":""},"categories":[6],"tags":[],"class_list":["post-27052","post","type-post","status-publish","format-standard","has-post-thumbnail","hentry","category-noticias"],"_links":{"self":[{"href":"https:\/\/www.sincomam.org.br\/index.php\/wp-json\/wp\/v2\/posts\/27052","targetHints":{"allow":["GET"]}}],"collection":[{"href":"https:\/\/www.sincomam.org.br\/index.php\/wp-json\/wp\/v2\/posts"}],"about":[{"href":"https:\/\/www.sincomam.org.br\/index.php\/wp-json\/wp\/v2\/types\/post"}],"author":[{"embeddable":true,"href":"https:\/\/www.sincomam.org.br\/index.php\/wp-json\/wp\/v2\/users\/1182"}],"replies":[{"embeddable":true,"href":"https:\/\/www.sincomam.org.br\/index.php\/wp-json\/wp\/v2\/comments?post=27052"}],"version-history":[{"count":1,"href":"https:\/\/www.sincomam.org.br\/index.php\/wp-json\/wp\/v2\/posts\/27052\/revisions"}],"predecessor-version":[{"id":27053,"href":"https:\/\/www.sincomam.org.br\/index.php\/wp-json\/wp\/v2\/posts\/27052\/revisions\/27053"}],"wp:featuredmedia":[{"embeddable":true,"href":"https:\/\/www.sincomam.org.br\/index.php\/wp-json\/wp\/v2\/media\/20306"}],"wp:attachment":[{"href":"https:\/\/www.sincomam.org.br\/index.php\/wp-json\/wp\/v2\/media?parent=27052"}],"wp:term":[{"taxonomy":"category","embeddable":true,"href":"https:\/\/www.sincomam.org.br\/index.php\/wp-json\/wp\/v2\/categories?post=27052"},{"taxonomy":"post_tag","embeddable":true,"href":"https:\/\/www.sincomam.org.br\/index.php\/wp-json\/wp\/v2\/tags?post=27052"}],"curies":[{"name":"wp","href":"https:\/\/api.w.org\/{rel}","templated":true}]}}