{"id":27050,"date":"2018-06-04T12:11:17","date_gmt":"2018-06-04T15:11:17","guid":{"rendered":"http:\/\/sincomam.org.br\/?p=27050"},"modified":"2018-06-04T12:11:17","modified_gmt":"2018-06-04T15:11:17","slug":"appa-promove-segunda-edicao-do-curso-sustentabilidade-na-gestao-portuaria","status":"publish","type":"post","link":"https:\/\/www.sincomam.org.br\/index.php\/appa-promove-segunda-edicao-do-curso-sustentabilidade-na-gestao-portuaria\/","title":{"rendered":"Appa promove segunda edi\u00e7\u00e3o do curso Sustentabilidade na Gest\u00e3o Portu\u00e1ria"},"content":{"rendered":"<p>A Administra\u00e7\u00e3o dos Portos de Paranagu\u00e1 e Antonina (Appa) promove, na Semana do Meio Ambiente, a segunda edi\u00e7\u00e3o do curso Sustentabilidade na Gest\u00e3o Portu\u00e1ria. Em Paranagu\u00e1, o evento ocorrer\u00e1 no dia 5 de junho e em Antonina no dia 6 de junho. Todos os participantes receber\u00e3o certificados.<\/p>\n<p>O minicurso \u00e9 gratuito e aberto a estudantes, acad\u00eamicos e \u00e0 popula\u00e7\u00e3o, de modo geral. As inscri\u00e7\u00f5es devem ser feitas pelo e-mail diramb@appa.pr.gov.br, at\u00e9 o dia 4 de junho.<\/p>\n<p>COMO SE INSCREVER \u2013 Para se inscrever, \u00e9 preciso encaminhar um e-mail com o t\u00edtulo \u201cII Curso Sustentabilidade na Gest\u00e3o Portu\u00e1ria\u201d, com os seguintes dados: nome completo, n\u00famero do RG e cidade onde ocorrer\u00e1 a participa\u00e7\u00e3o (Paranagu\u00e1 ou Antonina).<\/p>\n<p>PARANAGU\u00c1 \u2013 Em Paranagu\u00e1, o minicurso ser\u00e1 ofertado na sede administrativa da Appa (Pal\u00e1cio Taguar\u00e9). A forma\u00e7\u00e3o ocorrer\u00e1 no dia 5 de junho (ter\u00e7a-feira) das 8h30 \u00e0s 12h, sendo dividida em tr\u00eas m\u00f3dulos: Emerg\u00eancias Qu\u00edmicas; Educa\u00e7\u00e3o Ambiental na Pr\u00e1tica; e Atendimento de Animais em Casos de Emerg\u00eancias Ambientais.<\/p>\n<p>ANTONINA \u2013 Em Antonina, a forma\u00e7\u00e3o ser\u00e1 no dia 6 de junho, das 8h30 \u00e0s 12h, na base administrativa da Appa (Bar\u00e3o de Teff\u00e9). Os tr\u00eas m\u00f3dulos do minicurso ser\u00e3o: Emerg\u00eancias Qu\u00edmicas; Atendimento de Animais em Casos de Emerg\u00eancias Ambientais; e Monitoramento de Ru\u00eddos.<\/p>\n<p>Fonte: Appa<\/p>\n","protected":false},"excerpt":{"rendered":"<p>A Administra\u00e7\u00e3o dos Portos de Paranagu\u00e1 e Antonina (Appa) promove, na Semana do Meio Ambiente, a segunda edi\u00e7\u00e3o do curso Sustentabilidade na Gest\u00e3o Portu\u00e1ria. Em&#8230;<\/p>\n","protected":false},"author":1182,"featured_media":19106,"comment_status":"closed","ping_status":"closed","sticky":false,"template":"","format":"standard","meta":{"footnotes":""},"categories":[6],"tags":[],"class_list":["post-27050","post","type-post","status-publish","format-standard","has-post-thumbnail","hentry","category-noticias"],"_links":{"self":[{"href":"https:\/\/www.sincomam.org.br\/index.php\/wp-json\/wp\/v2\/posts\/27050","targetHints":{"allow":["GET"]}}],"collection":[{"href":"https:\/\/www.sincomam.org.br\/index.php\/wp-json\/wp\/v2\/posts"}],"about":[{"href":"https:\/\/www.sincomam.org.br\/index.php\/wp-json\/wp\/v2\/types\/post"}],"author":[{"embeddable":true,"href":"https:\/\/www.sincomam.org.br\/index.php\/wp-json\/wp\/v2\/users\/1182"}],"replies":[{"embeddable":true,"href":"https:\/\/www.sincomam.org.br\/index.php\/wp-json\/wp\/v2\/comments?post=27050"}],"version-history":[{"count":1,"href":"https:\/\/www.sincomam.org.br\/index.php\/wp-json\/wp\/v2\/posts\/27050\/revisions"}],"predecessor-version":[{"id":27051,"href":"https:\/\/www.sincomam.org.br\/index.php\/wp-json\/wp\/v2\/posts\/27050\/revisions\/27051"}],"wp:featuredmedia":[{"embeddable":true,"href":"https:\/\/www.sincomam.org.br\/index.php\/wp-json\/wp\/v2\/media\/19106"}],"wp:attachment":[{"href":"https:\/\/www.sincomam.org.br\/index.php\/wp-json\/wp\/v2\/media?parent=27050"}],"wp:term":[{"taxonomy":"category","embeddable":true,"href":"https:\/\/www.sincomam.org.br\/index.php\/wp-json\/wp\/v2\/categories?post=27050"},{"taxonomy":"post_tag","embeddable":true,"href":"https:\/\/www.sincomam.org.br\/index.php\/wp-json\/wp\/v2\/tags?post=27050"}],"curies":[{"name":"wp","href":"https:\/\/api.w.org\/{rel}","templated":true}]}}