{"id":27046,"date":"2018-05-30T00:20:06","date_gmt":"2018-05-30T03:20:06","guid":{"rendered":"http:\/\/sincomam.org.br\/?p=27046"},"modified":"2018-05-29T22:46:03","modified_gmt":"2018-05-30T01:46:03","slug":"outras-categorias-em-greve-prejudicam-operacoes-no-porto-de-santos","status":"publish","type":"post","link":"https:\/\/www.sincomam.org.br\/index.php\/outras-categorias-em-greve-prejudicam-operacoes-no-porto-de-santos\/","title":{"rendered":"Outras categorias em greve prejudicam opera\u00e7\u00f5es no Porto de Santos"},"content":{"rendered":"<p>A situa\u00e7\u00e3o no Porto de Santos come\u00e7ou a piorar nessa segunda-feira (28), com a intensifica\u00e7\u00e3o da greve dos auditores fiscais da Receita Federal. At\u00e9 a pr\u00f3xima ter\u00e7a-feira (5), a categoria promete n\u00e3o realizar nenhuma confer\u00eancia f\u00edsica e nem desembara\u00e7o de cargas no complexo mar\u00edtimo. Como resultado, as cargas de importa\u00e7\u00e3o permanecer\u00e3o retidas nos terminais at\u00e9 a semana que vem, impedindo o acesso de novas mercadorias para exporta\u00e7\u00e3o.<\/p>\n<p>Os analistas tribut\u00e1rios da Receita Federal tamb\u00e9m mant\u00e9m, h\u00e1 uma semana, uma greve. A expectativa \u00e9 de que eles voltem ao trabalho na pr\u00f3xima segunda-feira. A paralisa\u00e7\u00e3o afeta mais de uma dezena de servi\u00e7os, como atendimento aos contribuintes, emiss\u00e3o de certid\u00f5es negativas e de regularidade, restitui\u00e7\u00e3o e compensa\u00e7\u00e3o, inscri\u00e7\u00f5es e altera\u00e7\u00f5es cadastrais, regulariza\u00e7\u00e3o de d\u00e9bitos e pend\u00eancias, entre outros.<\/p>\n<p>J\u00e1 os estivadores e petroleiros resolveram aderir ao movimento nacional dos caminhoneiros. Os primeiros pararam nessa segunda-feira (28), por seis horas, e realizaram passeatas pelas ruas da Cidade.\u00a0<\/p>\n<p>Os petroleiros tamb\u00e9m apoiam os caminhoneiros e decidiram parar amanh\u00e3, por 72 horas. Eles tamb\u00e9m pedem a redu\u00e7\u00e3o do pre\u00e7o do g\u00e1s de cozinha e s\u00e3o contra a privatiza\u00e7\u00e3o da Petrobras, Al\u00e9m disso, pedem a sa\u00edda do presidente da empresa, Pedro Parente.<\/p>\n<p>\u201cA princ\u00edpio, n\u00e3o acreditamos que essa paralisa\u00e7\u00e3o de tr\u00eas dias provocar\u00e1 atrasos nos abastecimentos de navios, mas, se a greve perdurar haver\u00e1 impacto\u201d, destacou o diretor-executivo do Sindamar, Jos\u00e9 Roque.<\/p>\n<p>Fonte: A Tribuna<\/p>\n","protected":false},"excerpt":{"rendered":"<p>A situa\u00e7\u00e3o no Porto de Santos come\u00e7ou a piorar nessa segunda-feira (28), com a intensifica\u00e7\u00e3o da greve dos auditores fiscais da Receita Federal. At\u00e9 a&#8230;<\/p>\n","protected":false},"author":1182,"featured_media":17796,"comment_status":"closed","ping_status":"closed","sticky":false,"template":"","format":"standard","meta":{"footnotes":""},"categories":[6],"tags":[],"class_list":["post-27046","post","type-post","status-publish","format-standard","has-post-thumbnail","hentry","category-noticias"],"_links":{"self":[{"href":"https:\/\/www.sincomam.org.br\/index.php\/wp-json\/wp\/v2\/posts\/27046","targetHints":{"allow":["GET"]}}],"collection":[{"href":"https:\/\/www.sincomam.org.br\/index.php\/wp-json\/wp\/v2\/posts"}],"about":[{"href":"https:\/\/www.sincomam.org.br\/index.php\/wp-json\/wp\/v2\/types\/post"}],"author":[{"embeddable":true,"href":"https:\/\/www.sincomam.org.br\/index.php\/wp-json\/wp\/v2\/users\/1182"}],"replies":[{"embeddable":true,"href":"https:\/\/www.sincomam.org.br\/index.php\/wp-json\/wp\/v2\/comments?post=27046"}],"version-history":[{"count":1,"href":"https:\/\/www.sincomam.org.br\/index.php\/wp-json\/wp\/v2\/posts\/27046\/revisions"}],"predecessor-version":[{"id":27047,"href":"https:\/\/www.sincomam.org.br\/index.php\/wp-json\/wp\/v2\/posts\/27046\/revisions\/27047"}],"wp:featuredmedia":[{"embeddable":true,"href":"https:\/\/www.sincomam.org.br\/index.php\/wp-json\/wp\/v2\/media\/17796"}],"wp:attachment":[{"href":"https:\/\/www.sincomam.org.br\/index.php\/wp-json\/wp\/v2\/media?parent=27046"}],"wp:term":[{"taxonomy":"category","embeddable":true,"href":"https:\/\/www.sincomam.org.br\/index.php\/wp-json\/wp\/v2\/categories?post=27046"},{"taxonomy":"post_tag","embeddable":true,"href":"https:\/\/www.sincomam.org.br\/index.php\/wp-json\/wp\/v2\/tags?post=27046"}],"curies":[{"name":"wp","href":"https:\/\/api.w.org\/{rel}","templated":true}]}}