{"id":27034,"date":"2018-05-30T00:24:54","date_gmt":"2018-05-30T03:24:54","guid":{"rendered":"http:\/\/sincomam.org.br\/?p=27034"},"modified":"2018-05-29T22:27:44","modified_gmt":"2018-05-30T01:27:44","slug":"conselho-arquiva-processo-de-deputado-que-divulgou-fake-news-sobre-marielle","status":"publish","type":"post","link":"https:\/\/www.sincomam.org.br\/index.php\/conselho-arquiva-processo-de-deputado-que-divulgou-fake-news-sobre-marielle\/","title":{"rendered":"Conselho arquiva processo de deputado que divulgou fake news sobre Marielle"},"content":{"rendered":"<article itemprop=\"articleBody\">\n<div class=\"mc-column content-text active-extra-styles active-capital-letter\" data-block-type=\"unstyled\" data-block-weight=\"28\" data-block-id=\"2\">\n<p class=\"content-text__container theme-color-primary-first-letter\" data-track-category=\"Link no Texto\" data-track-links=\"\">O Conselho de \u00c9tica da C\u00e2mara arquivou, por 10 votos a 1, um processo que pedia a cassa\u00e7\u00e3o<span>\u00a0<\/span>do mandato do deputado Alberto Fraga (DEM-DF).<\/p>\n<\/div>\n<div class=\"wall\">\n<div class=\"mc-column content-text active-extra-styles \" data-block-type=\"unstyled\" data-block-weight=\"29\" data-block-id=\"3\">\n<p class=\"content-text__container \" data-track-category=\"Link no Texto\" data-track-links=\"\">O processo foi aberto a pedido do PSOL ap\u00f3s Fraga divulgar fake news<span>\u00a0<\/span>nas redes sociais sobre a vereadora Marielle Franco (RJ), assassinada a tiros\u00a0em mar\u00e7o deste ano.<\/p>\n<\/div>\n<div class=\"mc-column content-text active-extra-styles \" data-block-type=\"unstyled\" data-block-weight=\"42\" data-block-id=\"4\">\n<p class=\"content-text__container \" data-track-category=\"Link no Texto\" data-track-links=\"\">Alberto Fraga publicou: &#8220;Conhe\u00e7am o novo mito da esquerda, Marielle Franco. Engravidou aos 16 anos, ex-esposa do Marcinho VP, usu\u00e1ria de maconha, defensora de fac\u00e7\u00e3o rival e eleita pelo Comando Vermelho. Exonerou recentemente 6 funcion\u00e1rios, mas quem a matou foi a PM&#8221;<\/p>\n<\/div>\n<div class=\"mc-column content-text active-extra-styles \" data-block-type=\"unstyled\" data-block-weight=\"28\" data-block-id=\"6\">\n<p class=\"content-text__container \" data-track-category=\"Link no Texto\" data-track-links=\"\">Ao analisar o caso, o relator, deputado Adilson Sachetti (PRB-MT), recomendou o arquivamento do processo por entender que a publica\u00e7\u00e3o de Fraga n\u00e3o configurou quebra de decoro parlamentar.<\/p>\n<\/div>\n<div class=\"mc-column content-text active-extra-styles \" data-block-type=\"unstyled\" data-block-weight=\"22\" data-block-id=\"7\">\n<p class=\"content-text__container \" data-track-category=\"Link no Texto\" data-track-links=\"\">Sachetti afirmou, ainda, que Fraga &#8220;apenas replicou a informa\u00e7\u00e3o&#8221; explicitando &#8220;sua opini\u00e3o pol\u00edtica sobre um tema que suscitou debate e como\u00e7\u00e3o nacional&#8221;.<\/p>\n<\/div>\n<div class=\"mc-column content-text active-extra-styles \" data-block-type=\"unstyled\" data-block-weight=\"35\" data-block-id=\"8\">\n<p class=\"content-text__container \" data-track-category=\"Link no Texto\" data-track-links=\"\">&#8220;A conduta n\u00e3o configura quebra de decoro parlamentar porque o decoro est\u00e1 relacionado com a garantia da legalidade e prest\u00edgio do poder Legislativo. Coment\u00e1rio \u00e1cidos, apesar de lament\u00e1veis, n\u00e3o configuram quebra de decoro&#8221;, apontou Sachetti.<\/p>\n<\/div>\n<div class=\"mc-column content-text active-extra-styles\" data-block-type=\"raw\" data-block-weight=\"5\" data-block-id=\"9\">\n<div class=\"content-intertitle\">\n<h2>O que diz o deputado<\/h2>\n<\/div>\n<\/div>\n<div class=\"mc-column content-text active-extra-styles \" data-block-type=\"unstyled\" data-block-weight=\"35\" data-block-id=\"10\">\n<p class=\"content-text__container \" data-track-category=\"Link no Texto\" data-track-links=\"\">Diante da pol\u00eamica, Fraga disse ter recebido o conte\u00fado de uma pessoa confi\u00e1vel e achou que n\u00e3o fosse necess\u00e1rio fazer uma checagem da informa\u00e7\u00e3o antes de publicar. Ele trata o epis\u00f3dio como uma &#8220;p\u00e1gina virada&#8221;.<\/p>\n<\/div>\n<div class=\"mc-column content-text active-extra-styles \" data-block-type=\"unstyled\" data-block-weight=\"18\" data-block-id=\"11\">\n<p class=\"content-text__container \" data-track-category=\"Link no Texto\" data-track-links=\"\">&#8220;Para mim, \u00e9 uma p\u00e1gina virada. E o que aconteceu comigo sirva de exemplo para outras pessoas&#8221;, afirmou.<\/p>\n<\/div>\n<div class=\"mc-column content-text active-extra-styles \" data-block-type=\"unstyled\" data-block-weight=\"45\" data-block-id=\"13\">\n<p class=\"content-text__container \" data-track-category=\"Link no Texto\" data-track-links=\"\">&#8220;O arrependimento, talvez, \u00e9 em ter colocado algo que eu n\u00e3o tenha checado, que n\u00e3o tenha uma informa\u00e7\u00e3o. Por eu ser um policial, um coronel da pol\u00edcia [Militar do DF], eu deveria ter tido uma informa\u00e7\u00e3o mais consistente, de uma fonte id\u00f4nea&#8221;, declarou o deputado.<\/p>\n<\/div>\n<div class=\"mc-column content-text active-extra-styles\" data-block-type=\"raw\" data-block-weight=\"1\" data-block-id=\"15\">\n<div class=\"content-intertitle\">\n<h2>Repercuss\u00e3o<\/h2>\n<\/div>\n<\/div>\n<div class=\"mc-column content-text active-extra-styles \" data-block-type=\"unstyled\" data-block-weight=\"16\" data-block-id=\"16\">\n<p class=\"content-text__container \" data-track-category=\"Link no Texto\" data-track-links=\"\">Para o deputado Chico Alencar (PSOL\u2013RJ), o resultado da vota\u00e7\u00e3o desta ter\u00e7a deveria ter sido diferente.<\/p>\n<\/div>\n<\/div>\n<div data-track-category=\"fim do conteudo\" data-track-action=\"ultimo chunk conteudo\" data-track-noninteraction=\"false\" data-track-scroll=\"entrada completa viewport\">\n<div class=\"mc-column content-text active-extra-styles \" data-block-type=\"unstyled\" data-block-weight=\"50\" data-block-id=\"17\">\n<p class=\"content-text__container \" data-track-category=\"Link no Texto\" data-track-links=\"\">&#8220;Mesmo tendo o deputado retirado a postagem, que \u00e9 pouco, mesmo ele tendo dito que em um programa de grande audi\u00eancia de TV falou que errou por confiar numa fonte que n\u00e3o era confi\u00e1vel, para n\u00f3s \u00e9 insuficiente do ponto de vista do que ele disse l\u00e1 [na postagem]&#8221;, declarou.<\/p>\n<\/div>\n<\/div>\n<\/article>\n<div class=\"mc-column comments\">\n<div id=\"boxComentarios\" class=\"glbComentarios\"><\/div>\n<\/div>\n","protected":false},"excerpt":{"rendered":"<p>O Conselho de \u00c9tica da C\u00e2mara arquivou, por 10 votos a 1, um processo que pedia a cassa\u00e7\u00e3o\u00a0do mandato do deputado Alberto Fraga (DEM-DF). O&#8230;<\/p>\n","protected":false},"author":1182,"featured_media":19377,"comment_status":"closed","ping_status":"closed","sticky":false,"template":"","format":"standard","meta":{"footnotes":""},"categories":[6],"tags":[],"class_list":["post-27034","post","type-post","status-publish","format-standard","has-post-thumbnail","hentry","category-noticias"],"_links":{"self":[{"href":"https:\/\/www.sincomam.org.br\/index.php\/wp-json\/wp\/v2\/posts\/27034","targetHints":{"allow":["GET"]}}],"collection":[{"href":"https:\/\/www.sincomam.org.br\/index.php\/wp-json\/wp\/v2\/posts"}],"about":[{"href":"https:\/\/www.sincomam.org.br\/index.php\/wp-json\/wp\/v2\/types\/post"}],"author":[{"embeddable":true,"href":"https:\/\/www.sincomam.org.br\/index.php\/wp-json\/wp\/v2\/users\/1182"}],"replies":[{"embeddable":true,"href":"https:\/\/www.sincomam.org.br\/index.php\/wp-json\/wp\/v2\/comments?post=27034"}],"version-history":[{"count":1,"href":"https:\/\/www.sincomam.org.br\/index.php\/wp-json\/wp\/v2\/posts\/27034\/revisions"}],"predecessor-version":[{"id":27035,"href":"https:\/\/www.sincomam.org.br\/index.php\/wp-json\/wp\/v2\/posts\/27034\/revisions\/27035"}],"wp:featuredmedia":[{"embeddable":true,"href":"https:\/\/www.sincomam.org.br\/index.php\/wp-json\/wp\/v2\/media\/19377"}],"wp:attachment":[{"href":"https:\/\/www.sincomam.org.br\/index.php\/wp-json\/wp\/v2\/media?parent=27034"}],"wp:term":[{"taxonomy":"category","embeddable":true,"href":"https:\/\/www.sincomam.org.br\/index.php\/wp-json\/wp\/v2\/categories?post=27034"},{"taxonomy":"post_tag","embeddable":true,"href":"https:\/\/www.sincomam.org.br\/index.php\/wp-json\/wp\/v2\/tags?post=27034"}],"curies":[{"name":"wp","href":"https:\/\/api.w.org\/{rel}","templated":true}]}}