{"id":27032,"date":"2018-05-30T00:16:24","date_gmt":"2018-05-30T03:16:24","guid":{"rendered":"http:\/\/sincomam.org.br\/?p=27032"},"modified":"2018-05-29T22:24:42","modified_gmt":"2018-05-30T01:24:42","slug":"militares-e-prf-estao-em-seropedica-para-garantir-escolta-de-caminhoneiros","status":"publish","type":"post","link":"https:\/\/www.sincomam.org.br\/index.php\/militares-e-prf-estao-em-seropedica-para-garantir-escolta-de-caminhoneiros\/","title":{"rendered":"Militares e PRF est\u00e3o em Serop\u00e9dica para garantir escolta de caminhoneiros"},"content":{"rendered":"<p>Militares do Ex\u00e9rcito e agentes da Pol\u00edcia Rodovi\u00e1ria Federal (PRF) foram deslocados para Serop\u00e9dica, na Baixada Fluminense para fazer a escolta de caminhoneiros estacionados no maior ponto de concentra\u00e7\u00e3o de grevistas no Rio de Janeiro.<\/p>\n<div class=\"mc-column content-text active-extra-styles \" data-block-type=\"unstyled\" data-block-weight=\"23\" data-block-id=\"3\">\n<p class=\"content-text__container \" data-track-category=\"Link no Texto\" data-track-links=\"\">Os militares tentaram negociar com os caminhoneiros para que eles desocupassem o local onde est\u00e3o h\u00e1 nove dias ( desde 21 de maio).<\/p>\n<\/div>\n<div class=\"mc-column content-text active-extra-styles \" data-block-type=\"unstyled\" data-block-weight=\"50\" data-block-id=\"4\">\n<p class=\"content-text__container \" data-track-category=\"Link no Texto\" data-track-links=\"\">Por volta das 17h25, de acordo com informa\u00e7\u00f5es do RJTV, n\u00e3o houve acordo e os caminhoneiros decidiram permanecer no posto de gasolina. Segundo eles, n\u00e3o existe ocupa\u00e7\u00e3o do acostamento e que receberam autoriza\u00e7\u00e3o do dono de um terreno para ficar no espa\u00e7o. Eles tamb\u00e9m est\u00e3o autorizados no p\u00e1tio do post.<\/p>\n<\/div>\n<div class=\"mc-column content-text active-extra-styles \" data-block-type=\"unstyled\" data-block-weight=\"70\" data-block-id=\"6\">\n<p class=\"content-text__container \" data-track-category=\"Link no Texto\" data-track-links=\"\">A Pol\u00edcia Rodovi\u00e1ria Federal disse que vai aplicar uma multa de R$ 100 mil reais por hora para empres\u00e1rios do setor e de R$ 10 mil por dia para caminhoneiros aut\u00f4nomos. De acordo com a PRF, eles est\u00e3o amparados por uma lei do Superior Tribunal de Justi\u00e7a que prev\u00ea aplica\u00e7\u00e3o de multas no caso de paradas no acostamento ou regi\u00f5es pr\u00f3ximas. Os agentes da PRF fotografaram as placas dos caminh\u00f5es.<\/p>\n<\/div>\n<div class=\"mc-column content-text active-extra-styles \" data-block-type=\"unstyled\" data-block-weight=\"38\" data-block-id=\"7\">\n<p class=\"content-text__container \" data-track-category=\"Link no Texto\" data-track-links=\"\">Mais cedo, os militares chegaram a organizar uma escolta com agentes da PRF para os motoristas que desejavam deixar o ponto no posto de gasolina. Um helic\u00f3ptero da pol\u00edcia rodovi\u00e1ria tamb\u00e9m sobrevoava a regi\u00e3o no meio da tarde.<\/p>\n<\/div>\n<div class=\"mc-column content-text active-extra-styles\" data-block-type=\"raw\" data-block-weight=\"3\" data-block-id=\"9\">\n<div class=\"content-intertitle\">\n<h2>Den\u00fancias de amea\u00e7as<\/h2>\n<\/div>\n<\/div>\n<div class=\"mc-column content-text active-extra-styles \" data-block-type=\"unstyled\" data-block-weight=\"35\" data-block-id=\"10\">\n<p class=\"content-text__container \" data-track-category=\"Link no Texto\" data-track-links=\"\">Desde a madrugada, as for\u00e7as de seguran\u00e7a recebem informa\u00e7\u00f5es de que homens armados impedem os caminh\u00f5es de deixar o local. Policiais federais estiveram em Serop\u00e9dica informando aos caminhoneiros que quem quisesse poderia deixar o local.<\/p>\n<\/div>\n<div class=\"mc-column content-text active-extra-styles \" data-block-type=\"unstyled\" data-block-weight=\"39\" data-block-id=\"11\">\n<p class=\"content-text__container \" data-track-category=\"Link no Texto\" data-track-links=\"\">A partir da\u00ed, uma s\u00e9rie de den\u00fancias chegaram ao gabinete de crise, criado no Centro Integrado de Comando e Controle, no Centro do Rio, informando que homens armados impediam que os caminhoneiros deixassem o local, segundo apurou o G1.<\/p>\n<div class=\"wall\">\n<div class=\"mc-column content-text active-extra-styles \" data-block-type=\"unstyled\" data-block-weight=\"19\" data-block-id=\"18\">\n<p class=\"content-text__container \" data-track-category=\"Link no Texto\" data-track-links=\"\">Muitos caminhoneiros disseram que t\u00eam recebido a ajuda dos patr\u00f5es com dinheiro, comida e envio de refor\u00e7os para rendi\u00e7\u00e3o.<\/p>\n<\/div>\n<div class=\"mc-column content-text active-extra-styles \" data-block-type=\"unstyled\" data-block-weight=\"16\" data-block-id=\"19\">\n<p class=\"content-text__container \" data-track-category=\"Link no Texto\" data-track-links=\"\">&#8220;Se n\u00e3o fosse o apoio do patr\u00e3o, poucos estariam aqui&#8221;, disse Evandro, caminhoneiro h\u00e1 15 anos.<\/p>\n<\/div>\n<div class=\"mc-column content-text active-extra-styles \" data-block-type=\"unstyled\" data-block-weight=\"35\" data-block-id=\"20\">\n<p class=\"content-text__container \" data-track-category=\"Link no Texto\" data-track-links=\"\">As quentinhas de comida, quando chegam no local onde est\u00e3o reunidos, s\u00e3o vendidas por R$ 10 e disputadas entre os motoristas. Muitos contam que precisam da boa vontade de moradores do local para se alimentarem.<\/p>\n<\/div>\n<div class=\"mc-column content-text active-extra-styles \" data-block-type=\"unstyled\" data-block-weight=\"24\" data-block-id=\"21\">\n<p class=\"content-text__container \" data-track-category=\"Link no Texto\" data-track-links=\"\">Na tarde de sexta, segundo um grupo de caminhoneiros, quem os ajudou a &#8220;tirar a barriga da mis\u00e9ria&#8221; foram criminosos que atuam na regi\u00e3o.<\/p>\n<\/div>\n<div class=\"mc-column content-text active-extra-styles \" data-block-type=\"unstyled\" data-block-weight=\"30\" data-block-id=\"22\">\n<p class=\"content-text__container \" data-track-category=\"Link no Texto\" data-track-links=\"\">&#8220;At\u00e9 os milicianos trouxeram p\u00e3o com mortadela pra ajudar a gente. Foi a minha sorte, porque n\u00e3o consegui comprar comida porque meu dinheiro acabou&#8221;, contou Roberto, caminhoneiro h\u00e1 42 anos.<\/p>\n<\/div>\n<\/div>\n<\/div>\n","protected":false},"excerpt":{"rendered":"<p>Militares do Ex\u00e9rcito e agentes da Pol\u00edcia Rodovi\u00e1ria Federal (PRF) foram deslocados para Serop\u00e9dica, na Baixada Fluminense para fazer a escolta de caminhoneiros estacionados no&#8230;<\/p>\n","protected":false},"author":1182,"featured_media":26973,"comment_status":"closed","ping_status":"closed","sticky":false,"template":"","format":"standard","meta":{"footnotes":""},"categories":[6],"tags":[],"class_list":["post-27032","post","type-post","status-publish","format-standard","has-post-thumbnail","hentry","category-noticias"],"_links":{"self":[{"href":"https:\/\/www.sincomam.org.br\/index.php\/wp-json\/wp\/v2\/posts\/27032","targetHints":{"allow":["GET"]}}],"collection":[{"href":"https:\/\/www.sincomam.org.br\/index.php\/wp-json\/wp\/v2\/posts"}],"about":[{"href":"https:\/\/www.sincomam.org.br\/index.php\/wp-json\/wp\/v2\/types\/post"}],"author":[{"embeddable":true,"href":"https:\/\/www.sincomam.org.br\/index.php\/wp-json\/wp\/v2\/users\/1182"}],"replies":[{"embeddable":true,"href":"https:\/\/www.sincomam.org.br\/index.php\/wp-json\/wp\/v2\/comments?post=27032"}],"version-history":[{"count":1,"href":"https:\/\/www.sincomam.org.br\/index.php\/wp-json\/wp\/v2\/posts\/27032\/revisions"}],"predecessor-version":[{"id":27033,"href":"https:\/\/www.sincomam.org.br\/index.php\/wp-json\/wp\/v2\/posts\/27032\/revisions\/27033"}],"wp:featuredmedia":[{"embeddable":true,"href":"https:\/\/www.sincomam.org.br\/index.php\/wp-json\/wp\/v2\/media\/26973"}],"wp:attachment":[{"href":"https:\/\/www.sincomam.org.br\/index.php\/wp-json\/wp\/v2\/media?parent=27032"}],"wp:term":[{"taxonomy":"category","embeddable":true,"href":"https:\/\/www.sincomam.org.br\/index.php\/wp-json\/wp\/v2\/categories?post=27032"},{"taxonomy":"post_tag","embeddable":true,"href":"https:\/\/www.sincomam.org.br\/index.php\/wp-json\/wp\/v2\/tags?post=27032"}],"curies":[{"name":"wp","href":"https:\/\/api.w.org\/{rel}","templated":true}]}}