{"id":27030,"date":"2018-05-30T00:13:28","date_gmt":"2018-05-30T03:13:28","guid":{"rendered":"http:\/\/sincomam.org.br\/?p=27030"},"modified":"2018-05-29T22:16:15","modified_gmt":"2018-05-30T01:16:15","slug":"trafico-assume-o-controle-de-estacoes-do-brt-diz-secretario","status":"publish","type":"post","link":"https:\/\/www.sincomam.org.br\/index.php\/trafico-assume-o-controle-de-estacoes-do-brt-diz-secretario\/","title":{"rendered":"Tr\u00e1fico assume o controle de esta\u00e7\u00f5es do BRT, diz secret\u00e1rio"},"content":{"rendered":"<div class=\"mc-column content-text active-extra-styles active-capital-letter\" data-block-type=\"unstyled\" data-block-weight=\"38\" data-block-id=\"2\">\n<p class=\"content-text__container theme-color-primary-first-letter\" data-track-category=\"Link no Texto\" data-track-links=\"\">O secret\u00e1rio da Casa Civil da Prefeitura do Rio, Paulo Messina, afirmou durante entrevista coletiva que o tr\u00e1fico de drogas assumiu o controle das esta\u00e7\u00f5es do BRT entre Cesar\u00e3o 1 e Campo Grande.<\/p>\n<\/div>\n<div class=\"wall\">\n<div class=\"mc-column content-text active-extra-styles \" data-block-type=\"unstyled\" data-block-weight=\"45\" data-block-id=\"3\">\n<p class=\"content-text__container \" data-track-category=\"Link no Texto\" data-track-links=\"\">Segundo Messina, ap\u00f3s a falta de combust\u00edveis provocada pela greve de caminhoneiros, o BRT n\u00e3o consegue voltar a circular normalmente na Zona Oeste por problemas de seguran\u00e7a. O secret\u00e1rio afirmou que as esta\u00e7\u00f5es viraram &#8220;quiosques do tr\u00e1fico de drogas&#8221;. O problema est\u00e1 afetando cinco esta\u00e7\u00f5es.<\/p>\n<\/div>\n<div class=\"mc-column content-text active-extra-styles \" data-block-type=\"unstyled\" data-block-weight=\"77\" data-block-id=\"5\">\n<p class=\"content-text__container \" data-track-category=\"Link no Texto\" data-track-links=\"\">As For\u00e7as de Seguran\u00e7a foram acionadas nesta tarde ap\u00f3s o Cons\u00f3rcio BRT informar a Prefeitura sobre o problema. \u201cAo ser questionado sobre o d\u00e9ficit do BRT no atendimento na regi\u00e3o da Avenida Cesario de Melo, o cons\u00f3rcio disse que todas essas esta\u00e7\u00f5es foram tomadas pelo tr\u00e1fico de drogas. As esta\u00e7\u00f5es viraram grandes lojas do tr\u00e1fico de drogas e o poder p\u00fablico perdeu o controle. O tr\u00e1fico est\u00e1 amea\u00e7ando funcion\u00e1rios do BRT e est\u00e1 imposs\u00edvel operar\u201d, afirmou Messina.<\/p>\n<\/div>\n<div class=\"mc-column content-text active-extra-styles \" data-block-type=\"unstyled\" data-block-weight=\"51\" data-block-id=\"6\">\n<p class=\"content-text__container \" data-track-category=\"Link no Texto\" data-track-links=\"\">\u201cA gente acabou de sair da reuni\u00e3o e, paralelamente a isso, o coronel Amendola (secret\u00e1rio Municipal de Ordem P\u00fablica) e o coronel Di\u00f3genes (secret\u00e1rio Municipal de Transportes) j\u00e1 est\u00e3o contactando o pessoal da secretaria de Seguran\u00e7a para fazer uma opera\u00e7\u00e3o\u201d, afirmou Messina sobre o pedido de socorro \u00e0s For\u00e7as de Seguran\u00e7a.<\/p>\n<\/div>\n<div class=\"mc-column content-text active-extra-styles \" data-block-type=\"unstyled\" data-block-weight=\"43\" data-block-id=\"7\">\n<p class=\"content-text__container \" data-track-category=\"Link no Texto\" data-track-links=\"\">O site\u00a0entrou em contato com o delegado titular da 35\u00aa DP (Campo Grande), Geraldo Assed, e questionou a presen\u00e7a de traficantes nas esta\u00e7\u00f5es do BRT. Segundo ele, a delegacia abriu um procedimento para apurar a situa\u00e7\u00e3o e equipes foram enviadas ao local.<\/p>\n<\/div>\n<div class=\"mc-column content-text active-extra-styles \" data-block-type=\"unstyled\" data-block-weight=\"68\" data-block-id=\"8\">\n<p class=\"content-text__container \" data-track-category=\"Link no Texto\" data-track-links=\"\">\u201cA gente est\u00e1 averiguando a informa\u00e7\u00e3o[de traficantes controlando esta\u00e7\u00f5es do BRT]. A gente abriu procedimento para apurar essa situa\u00e7\u00e3o. Estamos averiguando, mas traficante armado ainda n\u00e3o temos not\u00edcias. Pelo menos na regi\u00e3o de Campo Grande, n\u00e3o tivemos informa\u00e7\u00e3o de homens armados. N\u00e3o sei em outras \u00e1reas da Zona Oeste. Instalamos um procedimento para investiga\u00e7\u00e3o e j\u00e1 mandamos equipes no local. Vamos tomar as medidas necess\u00e1rias\u201d, disse o delegado.<\/p>\n<\/div>\n<div class=\"mc-column content-text active-extra-styles\" data-block-type=\"raw\" data-block-weight=\"3\" data-block-id=\"11\">\n<div class=\"content-intertitle\">\n<h2>Pedradas e amea\u00e7as<\/h2>\n<\/div>\n<\/div>\n<div class=\"mc-column content-text active-extra-styles \" data-block-type=\"unstyled\" data-block-weight=\"28\" data-block-id=\"12\">\n<p class=\"content-text__container \" data-track-category=\"Link no Texto\" data-track-links=\"\">Ainda de acordo com Messina, os \u00f4nibus s\u00e3o obrigados a parar na esta\u00e7\u00e3o sob amea\u00e7a dos traficantes. Alguns ve\u00edculos articulados foram alvos de pedras ao passar pelos terminais.<\/p>\n<\/div>\n<div class=\"mc-column content-text active-extra-styles \" data-block-type=\"unstyled\" data-block-weight=\"45\" data-block-id=\"13\">\n<p class=\"content-text__container \" data-track-category=\"Link no Texto\" data-track-links=\"\">\u201cUma parte roda porque eles s\u00e3o obrigados a parar nas esta\u00e7\u00f5es porque se n\u00e3o o tr\u00e1fico joga pedra, atira e fazem essas coisas. Os funcion\u00e1rios est\u00e3o sofrendo amea\u00e7a, est\u00e1 grav\u00edssima a situa\u00e7\u00e3o por l\u00e1. Est\u00e3o rodando na regi\u00e3o de Campo Grande por ordem do tr\u00e1fico\u201d.<\/p>\n<\/div>\n<div class=\"mc-column content-text active-extra-styles\" data-block-type=\"raw\" data-block-weight=\"2\" data-block-id=\"14\">\n<div class=\"content-intertitle\">\n<h2>Problema antigo<\/h2>\n<\/div>\n<\/div>\n<div class=\"mc-column content-text active-extra-styles \" data-block-type=\"unstyled\" data-block-weight=\"53\" data-block-id=\"15\">\n<p class=\"content-text__container \" data-track-category=\"Link no Texto\" data-track-links=\"\">O dom\u00ednio de esta\u00e7\u00f5es do BRT pelo crime organizado n\u00e3o \u00e9 novidade. Em janeiro deste ano, investiga\u00e7\u00e3o do Minist\u00e9rio P\u00fablico Estadual concluiu que 21 esta\u00e7\u00f5es do BRT na Zona Oeste eram controladas pela mil\u00edcia e 3 pelo tr\u00e1fico &#8211; exatamente no trecho citado por Messina: Cesar\u00e3o I, II e III, em Santa Cruz.<\/p>\n<\/div>\n<div class=\"mc-column content-text active-extra-styles \" data-block-type=\"unstyled\" data-block-weight=\"38\" data-block-id=\"16\">\n<p class=\"content-text__container \" data-track-category=\"Link no Texto\" data-track-links=\"\">Segundo testemunhas, para n\u00e3o perder passageiros no transporte alternativo irregular, os milicianos amea\u00e7am motoristas e funcion\u00e1rios do BRT. Os criminosos agem principalmente nos hor\u00e1rios de maior movimento: entre 5h at\u00e9 8h, e \u00e0 tarde, das 17h \u00e0s 20h.<\/p>\n<\/div>\n<div class=\"mc-column content-text active-extra-styles \" data-block-type=\"unstyled\" data-block-weight=\"36\" data-block-id=\"17\">\n<p class=\"content-text__container \" data-track-category=\"Link no Texto\" data-track-links=\"\">O BRT estima ter um preju\u00edzo de R$ 1,4 milh\u00e3o por m\u00eas com a viol\u00eancia e depreda\u00e7\u00e3o das esta\u00e7\u00f5es. O cons\u00f3rcio tentou fechar 22 paradas definitivamente por falta de seguran\u00e7a, mas n\u00e3o conseguiu autoriza\u00e7\u00e3o da Prefeitura.<\/p>\n<\/div>\n<div class=\"mc-column content-text active-extra-styles \" data-block-type=\"unstyled\" data-block-weight=\"53\" data-block-id=\"19\">\n<p class=\"content-text__container \" data-track-category=\"Link no Texto\" data-track-links=\"\">O Cons\u00f3rcio do BRT informou que a opera\u00e7\u00e3o dos servi\u00e7os do corredor TransOeste, no eixo da Avenida Ces\u00e1rio de Melo, s\u00f3 ser\u00e1 retomada ap\u00f3s a\u00e7\u00f5es das autoridades de seguran\u00e7a p\u00fablica. Segundo a administra\u00e7\u00e3o do cons\u00f3rcio, \u00e9 necess\u00e1rio a garantia das condi\u00e7\u00f5es para o transporte de passageiros e para o trabalho de nossos funcion\u00e1rios.<\/p>\n<\/div>\n<div class=\"mc-column content-text active-extra-styles \" data-block-type=\"unstyled\" data-block-weight=\"63\" data-block-id=\"20\">\n<p class=\"content-text__container \" data-track-category=\"Link no Texto\" data-track-links=\"\">Ainda de acordo com o BRT, o eixo da avenida Ces\u00e1rio de Melo h\u00e1 tempos sofre com a viol\u00eancia. Nos \u00faltimos tr\u00eas meses, os servi\u00e7os foram interrompidos oito vezes, o que significa 37 horas de paralisa\u00e7\u00e3o em decorr\u00eancia de conflitos na regi\u00e3o. Diante desse cen\u00e1rio, o Cons\u00f3rcio BRT aguarda a avalia\u00e7\u00e3o e libera\u00e7\u00e3o por parte das autoridades para normalizar a opera\u00e7\u00e3o na via.<\/p>\n<\/div>\n<div class=\"mc-column content-text active-extra-styles\" data-block-type=\"raw\" data-block-weight=\"4\" data-block-id=\"21\">\n<div class=\"content-intertitle\">\n<h2>Caminh\u00f5es da Comlurb depredados<\/h2>\n<\/div>\n<\/div>\n<div class=\"mc-column content-text active-extra-styles \" data-block-type=\"unstyled\" data-block-weight=\"42\" data-block-id=\"22\">\n<p class=\"content-text__container \" data-track-category=\"Link no Texto\" data-track-links=\"\">Outro problema de seguran\u00e7a p\u00fablica na retomada de servi\u00e7os da prefeitura aconteceu enquanto lixo recolhido era levado do entreposto do Caju para Serop\u00e9dica. Quinze caminh\u00f5es foram atacados no Arco Metropolitano e na Rodovia Washington Lu\u00eds. Para-brisas foram quebrados e motoristas foram amea\u00e7ados.<\/p>\n<\/div>\n<div class=\"mc-column content-text active-extra-styles \" data-block-type=\"unstyled\" data-block-weight=\"59\" data-block-id=\"23\">\n<p class=\"content-text__container \" data-track-category=\"Link no Texto\" data-track-links=\"\">\u201cA Comlurb est\u00e1 conseguindo fazer a coleta auxiliar, coleta hospitalar, todos os servi\u00e7os de poda e varri\u00e7\u00e3o voltaram ao normal. Por\u00e9m, a nossa transfer\u00eancia de res\u00edduos que \u00e9 tirar do entreposto, principalmente Caju e Zona Oeste e levar para Serop\u00e9dica, a gente est\u00e1 sofrendo amea\u00e7a dos piqueteiros. N\u00f3s tivemos 15 caminh\u00f5es da Comlurb quebrados por piqueteiros\u201d, disse Paulo Messina.<\/p>\n<\/div>\n<div class=\"mc-column content-text active-extra-styles \" data-block-type=\"unstyled\" data-block-weight=\"34\" data-block-id=\"24\">\n<p class=\"content-text__container \" data-track-category=\"Link no Texto\" data-track-links=\"\">O trabalho estava sendo realizado com escolta, mas a Prefeitura do Rio deu prefer\u00eancia para o acompanhamento das cargas com combust\u00edvel. Os ataques aconteceram da noite de segunda-feira at\u00e9 a manh\u00e3 desta ter\u00e7a-feira (29).<\/p>\n<\/div>\n<div class=\"mc-column content-text active-extra-styles\" data-block-type=\"raw\" data-block-weight=\"4\" data-block-id=\"25\">\n<div class=\"content-intertitle\">\n<h2>Outros servi\u00e7os da capital<\/h2>\n<\/div>\n<\/div>\n<div class=\"mc-column content-text active-extra-styles \" data-block-type=\"unstyled\" data-block-weight=\"30\" data-block-id=\"26\">\n<p class=\"content-text__container \" data-track-category=\"Link no Texto\" data-track-links=\"\"><strong>BRT<span>\u00a0<\/span><\/strong>&#8211; Segundo a Prefeitura, a partir das 14h, o BRT j\u00e1 est\u00e1 operando com o trecho de Madureira pra frente. A partir das 16h, j\u00e1 estar\u00e1 operando no Gale\u00e3o.<\/p>\n<\/div>\n<div class=\"mc-column content-text active-extra-styles \" data-block-type=\"unstyled\" data-block-weight=\"18\" data-block-id=\"27\">\n<p class=\"content-text__container \" data-track-category=\"Link no Texto\" data-track-links=\"\"><strong>Rio \u00d4nibus<span>\u00a0<\/span><\/strong>&#8211; Entre 72% a 75% da frota de \u00f4nibus da capital est\u00e1 rodando (com baixa demanda).<\/p>\n<\/div>\n<div class=\"mc-column content-text active-extra-styles \" data-block-type=\"unstyled\" data-block-weight=\"6\" data-block-id=\"29\">\n<p class=\"content-text__container \" data-track-category=\"Link no Texto\" data-track-links=\"\"><strong>Coleta e Limpeza urbana<span>\u00a0<\/span><\/strong>&#8211; normal<\/p>\n<\/div>\n<div class=\"mc-column content-text active-extra-styles \" data-block-type=\"unstyled\" data-block-weight=\"3\" data-block-id=\"30\">\n<p class=\"content-text__container \" data-track-category=\"Link no Texto\" data-track-links=\"\"><strong>Poda<\/strong><span>\u00a0<\/span>&#8211; normal<\/p>\n<\/div>\n<\/div>\n<div data-track-category=\"fim do conteudo\" data-track-action=\"ultimo chunk conteudo\" data-track-noninteraction=\"false\" data-track-scroll=\"entrada completa viewport\">\n<div class=\"mc-column content-text active-extra-styles \" data-block-type=\"unstyled\" data-block-weight=\"25\" data-block-id=\"31\">\n<p class=\"content-text__container \" data-track-category=\"Link no Texto\" data-track-links=\"\"><strong>Educa\u00e7\u00e3o<span>\u00a0<\/span><\/strong>&#8211; Em 1340 das escolas o atendimento normal (87% do total). Em 192 unidades o atendimento \u00e9 parcial (3%) e 6 escolas n\u00e3o abriram.<\/p>\n<\/div>\n<\/div>\n","protected":false},"excerpt":{"rendered":"<p>O secret\u00e1rio da Casa Civil da Prefeitura do Rio, Paulo Messina, afirmou durante entrevista coletiva que o tr\u00e1fico de drogas assumiu o controle das esta\u00e7\u00f5es&#8230;<\/p>\n","protected":false},"author":1182,"featured_media":26976,"comment_status":"closed","ping_status":"closed","sticky":false,"template":"","format":"standard","meta":{"footnotes":""},"categories":[6],"tags":[],"class_list":["post-27030","post","type-post","status-publish","format-standard","has-post-thumbnail","hentry","category-noticias"],"_links":{"self":[{"href":"https:\/\/www.sincomam.org.br\/index.php\/wp-json\/wp\/v2\/posts\/27030","targetHints":{"allow":["GET"]}}],"collection":[{"href":"https:\/\/www.sincomam.org.br\/index.php\/wp-json\/wp\/v2\/posts"}],"about":[{"href":"https:\/\/www.sincomam.org.br\/index.php\/wp-json\/wp\/v2\/types\/post"}],"author":[{"embeddable":true,"href":"https:\/\/www.sincomam.org.br\/index.php\/wp-json\/wp\/v2\/users\/1182"}],"replies":[{"embeddable":true,"href":"https:\/\/www.sincomam.org.br\/index.php\/wp-json\/wp\/v2\/comments?post=27030"}],"version-history":[{"count":1,"href":"https:\/\/www.sincomam.org.br\/index.php\/wp-json\/wp\/v2\/posts\/27030\/revisions"}],"predecessor-version":[{"id":27031,"href":"https:\/\/www.sincomam.org.br\/index.php\/wp-json\/wp\/v2\/posts\/27030\/revisions\/27031"}],"wp:featuredmedia":[{"embeddable":true,"href":"https:\/\/www.sincomam.org.br\/index.php\/wp-json\/wp\/v2\/media\/26976"}],"wp:attachment":[{"href":"https:\/\/www.sincomam.org.br\/index.php\/wp-json\/wp\/v2\/media?parent=27030"}],"wp:term":[{"taxonomy":"category","embeddable":true,"href":"https:\/\/www.sincomam.org.br\/index.php\/wp-json\/wp\/v2\/categories?post=27030"},{"taxonomy":"post_tag","embeddable":true,"href":"https:\/\/www.sincomam.org.br\/index.php\/wp-json\/wp\/v2\/tags?post=27030"}],"curies":[{"name":"wp","href":"https:\/\/api.w.org\/{rel}","templated":true}]}}