{"id":27027,"date":"2018-05-29T00:40:41","date_gmt":"2018-05-29T03:40:41","guid":{"rendered":"http:\/\/sincomam.org.br\/?p=27027"},"modified":"2018-05-28T17:48:21","modified_gmt":"2018-05-28T20:48:21","slug":"senado-convoca-sessao-para-votar-urgencia-de-projeto-sobre-fretes","status":"publish","type":"post","link":"https:\/\/www.sincomam.org.br\/index.php\/senado-convoca-sessao-para-votar-urgencia-de-projeto-sobre-fretes\/","title":{"rendered":"Senado convoca sess\u00e3o para votar urg\u00eancia de projeto sobre fretes"},"content":{"rendered":"<p>O Senado convocou para esta segunda-feira sess\u00e3o extraordin\u00e1ria para votar urg\u00eancia do projeto de lei que cria pre\u00e7os m\u00ednimos para o frete, uma das reivindica\u00e7\u00f5es dos caminhoneiros em greve. Os senadores come\u00e7ar\u00e3o a ser convocados na tarde deste domingo. O presidente da C\u00e2mara, deputado Rodrigo Maia (DEM-RJ), tamb\u00e9m convocou l\u00edderes dos partidos na Casa para uma reuni\u00e3o no fim da tarde desta segunda-feira. A ideia \u00e9 discutir a crise com a mobiliza\u00e7\u00e3o dos caminhoneiros. Maia tem sido um problema para o governo, criticando a atua\u00e7\u00e3o das For\u00e7as Armadas.<\/p>\n<p>Fonte: O Globo<\/p>\n","protected":false},"excerpt":{"rendered":"<p>O Senado convocou para esta segunda-feira sess\u00e3o extraordin\u00e1ria para votar urg\u00eancia do projeto de lei que cria pre\u00e7os m\u00ednimos para o frete, uma das reivindica\u00e7\u00f5es&#8230;<\/p>\n","protected":false},"author":1182,"featured_media":18462,"comment_status":"closed","ping_status":"closed","sticky":false,"template":"","format":"standard","meta":{"footnotes":""},"categories":[6],"tags":[],"class_list":["post-27027","post","type-post","status-publish","format-standard","has-post-thumbnail","hentry","category-noticias"],"_links":{"self":[{"href":"https:\/\/www.sincomam.org.br\/index.php\/wp-json\/wp\/v2\/posts\/27027","targetHints":{"allow":["GET"]}}],"collection":[{"href":"https:\/\/www.sincomam.org.br\/index.php\/wp-json\/wp\/v2\/posts"}],"about":[{"href":"https:\/\/www.sincomam.org.br\/index.php\/wp-json\/wp\/v2\/types\/post"}],"author":[{"embeddable":true,"href":"https:\/\/www.sincomam.org.br\/index.php\/wp-json\/wp\/v2\/users\/1182"}],"replies":[{"embeddable":true,"href":"https:\/\/www.sincomam.org.br\/index.php\/wp-json\/wp\/v2\/comments?post=27027"}],"version-history":[{"count":1,"href":"https:\/\/www.sincomam.org.br\/index.php\/wp-json\/wp\/v2\/posts\/27027\/revisions"}],"predecessor-version":[{"id":27028,"href":"https:\/\/www.sincomam.org.br\/index.php\/wp-json\/wp\/v2\/posts\/27027\/revisions\/27028"}],"wp:featuredmedia":[{"embeddable":true,"href":"https:\/\/www.sincomam.org.br\/index.php\/wp-json\/wp\/v2\/media\/18462"}],"wp:attachment":[{"href":"https:\/\/www.sincomam.org.br\/index.php\/wp-json\/wp\/v2\/media?parent=27027"}],"wp:term":[{"taxonomy":"category","embeddable":true,"href":"https:\/\/www.sincomam.org.br\/index.php\/wp-json\/wp\/v2\/categories?post=27027"},{"taxonomy":"post_tag","embeddable":true,"href":"https:\/\/www.sincomam.org.br\/index.php\/wp-json\/wp\/v2\/tags?post=27027"}],"curies":[{"name":"wp","href":"https:\/\/api.w.org\/{rel}","templated":true}]}}