{"id":27019,"date":"2018-05-29T00:13:48","date_gmt":"2018-05-29T03:13:48","guid":{"rendered":"http:\/\/sincomam.org.br\/?p=27019"},"modified":"2018-05-28T17:16:44","modified_gmt":"2018-05-28T20:16:44","slug":"bovespa-cai-perto-de-3-com-greve-dos-caminhoneiros-petrobras-recua-9","status":"publish","type":"post","link":"https:\/\/www.sincomam.org.br\/index.php\/bovespa-cai-perto-de-3-com-greve-dos-caminhoneiros-petrobras-recua-9\/","title":{"rendered":"Bovespa cai perto de 3% com greve dos caminhoneiros; Petrobras recua 9%"},"content":{"rendered":"<div class=\"mc-column content-text active-extra-styles active-capital-letter\" data-block-type=\"unstyled\" data-block-weight=\"76\" data-block-id=\"2\">\n<p class=\"content-text__container theme-color-primary-first-letter\" data-track-category=\"Link no Texto\" data-track-links=\"\">A principal \u00edndice de a\u00e7\u00f5es da bolsa brasileira (B3), o Ibovespa, opera em forte queda nesta segunda-feira (28), em meio a preocupa\u00e7\u00f5es com os efeitos fiscais e na Petrobras das medidas anunciadas na v\u00e9spera pelo governo para encerrar a greve dos caminhoneiros, bem como o impacto econ\u00f4mico em v\u00e1rios setores da paralisa\u00e7\u00e3o que j\u00e1 dura 8 dias e tem provocado desabastecimento em diferentes categorias, segundo a Reuters. As a\u00e7\u00f5es da estatal ca\u00edam ao redor de 9%.<\/p>\n<\/div>\n<div class=\"wall\">\n<div class=\"mc-column content-text active-extra-styles \" data-block-type=\"unstyled\" data-block-weight=\"12\" data-block-id=\"3\">\n<p class=\"content-text__container \" data-track-category=\"Link no Texto\" data-track-links=\"\">\u00c0s 14h42, o Ibovespa ca\u00eda 2,93%, a 76.588 pontos.<\/p>\n<\/div>\n<div class=\"mc-column content-text active-extra-styles \" data-block-type=\"unstyled\" data-block-weight=\"45\" data-block-id=\"4\">\n<p class=\"content-text__container \" data-track-category=\"Link no Texto\" data-track-links=\"\">Perto do mesmo hor\u00e1rio, as a\u00e7\u00f5es da Petrobras ca\u00edam ao redor de 9%, liderando as baixas dentro do Ibovespa, ap\u00f3s o an\u00fancio do governo para reduzir o pre\u00e7o do diesel, do an\u00fancio da greve dos petroleiros e diante da queda dos pre\u00e7os internacionais de petr\u00f3leo.<\/p>\n<\/div>\n<div class=\"mc-column content-text active-extra-styles \" data-block-type=\"unstyled\" data-block-weight=\"50\" data-block-id=\"5\">\n<p class=\"content-text__container \" data-track-category=\"Link no Texto\" data-track-links=\"\">Em nota divulgada nesta segunda, a Petrobras declarou que &#8220;n\u00e3o subsidiar\u00e1 o pre\u00e7o do diesel e n\u00e3o incorrer\u00e1 em preju\u00edzo, uma vez que ser\u00e1 ressarcida pela Uni\u00e3o, em modalidade ainda a ser definida&#8221;. Na avalia\u00e7\u00e3o de especialistas ouvidos pelo G1, por\u00e9m, a petroleira cedeu a press\u00f5es pol\u00edticas e perdeu credibilidade.<\/p>\n<\/div>\n<div class=\"mc-column content-text active-extra-styles \" data-block-type=\"unstyled\" data-block-weight=\"20\" data-block-id=\"6\">\n<p class=\"content-text__container \" data-track-category=\"Link no Texto\" data-track-links=\"\">Na sexta-feira, o \u00edndice fechou em queda de 1,53%, puxado pela desvaloriza\u00e7\u00e3o das a\u00e7\u00f5es de sider\u00fargicas, bancos e da Vale.<\/p>\n<\/div>\n<div class=\"mc-column content-text active-extra-styles \" data-block-type=\"unstyled\" data-block-weight=\"49\" data-block-id=\"7\">\n<p class=\"content-text__container \" data-track-category=\"Link no Texto\" data-track-links=\"\">A queda nos pre\u00e7os do petr\u00f3leo no mercado externo e o fortalecimento do d\u00f3lar frente a uma cesta de divisas endossavam o vi\u00e9s negativo no mercado acion\u00e1rio brasileiro, segundo a Reuters, em sess\u00e3o sem a refer\u00eancia de Wall Street, onde as bolsas est\u00e3o fechadas por feriado nos Estados Unidos.<\/p>\n<\/div>\n<div class=\"mc-column content-text active-extra-styles \" data-block-type=\"unstyled\" data-block-weight=\"40\" data-block-id=\"8\">\n<p class=\"content-text__container \" data-track-category=\"Link no Texto\" data-track-links=\"\">Apesar de a Petrobras estar em evid\u00eancia, a greve tamb\u00e9m tem atingido diversos setores da economia. &#8220;H\u00e1 um desabastecimento generalizado, inclusive na cadeia alimentar&#8221;, disse \u00e0 Reuters o gestor Marco Tulli Siqueira, da mesa de opera\u00e7\u00f5es de Bovespa da Coinvalores.<\/p>\n<\/div>\n<div class=\"mc-column content-text active-extra-styles \" data-block-type=\"unstyled\" data-block-weight=\"24\" data-block-id=\"9\">\n<p class=\"content-text__container \" data-track-category=\"Link no Texto\" data-track-links=\"\">Nesta manh\u00e3, a fabricante de carrocerias de \u00f4nibus Marcopolo e a Suzano Papel e Celulose<span>\u00a0<\/span>anunciaram paralisa\u00e7\u00e3o das atividades devido \u00e0 greve dos caminhoneiros.<\/p>\n<\/div>\n<div class=\"mc-column content-text active-extra-styles \" data-block-type=\"unstyled\" data-block-weight=\"62\" data-block-id=\"11\">\n<p class=\"content-text__container \" data-track-category=\"Link no Texto\" data-track-links=\"\">Agentes financeiros tamb\u00e9m veem aumento do risco pol\u00edtico com os \u00faltimos eventos, complicando ainda mais um j\u00e1 nebuloso cen\u00e1rio eleitoral neste ano. &#8220;(O notici\u00e1rio recente) sinaliza aumento da tens\u00e3o dom\u00e9stica e fragilidade do governo, destacou \u00e0 ag\u00eancia de not\u00edcias o s\u00f3cio da gestora Galt Capital, Igor Lima, ponderando tamb\u00e9m que a aus\u00eancia de Nova York deve ter efeito no fluxo de recursos.<\/p>\n<\/div>\n<div class=\"mc-column content-text active-extra-styles\" data-block-type=\"raw\" data-block-weight=\"3\" data-block-id=\"12\">\n<div class=\"content-intertitle\">\n<h2>Greve dos caminhoneiros<\/h2>\n<\/div>\n<\/div>\n<div class=\"mc-column content-text active-extra-styles \" data-block-type=\"unstyled\" data-block-weight=\"60\" data-block-id=\"13\">\n<p class=\"content-text__container \" data-track-category=\"Link no Texto\" data-track-links=\"\">Os caminhoneiros continuam parados mesmo ap\u00f3s o governo anunciar na v\u00e9spera que vai reduzir o pre\u00e7o do litro do diesel em R$ 0,46 por 60 dias. Na semana passada, o governo j\u00e1 tinha anunciado corte de 10% no pre\u00e7o do combust\u00edvel. Foi acordado ainda que os reajustes no pre\u00e7o do combust\u00edveis s\u00f3 ser\u00e3o anunciados a cada 30 dias, no m\u00ednimo.<\/p>\n<\/div>\n<div class=\"mc-column content-text active-extra-styles \" data-block-type=\"unstyled\" data-block-weight=\"63\" data-block-id=\"14\">\n<p class=\"content-text__container \" data-track-category=\"Link no Texto\" data-track-links=\"\">O ministro da Fazenda, Eduardo Guardia, informou nesta segunda-feira que a redu\u00e7\u00e3o do pre\u00e7o do diesel ter\u00e1 custo total de R$ 9,5 bilh\u00f5es aos cofres p\u00fablicos, que ser\u00e1 coberto por uma sobra de R$ 5,7 bilh\u00f5es que o governo tem em rela\u00e7\u00e3o \u00e0 meta de d\u00e9ficit prim\u00e1rio (antes do pagamento de juros da d\u00edvida), al\u00e9m de corte de despesas de R$ 3,8 bilh\u00f5es.<\/p>\n<\/div>\n<div class=\"mc-column content-text active-extra-styles \" data-block-type=\"unstyled\" data-block-weight=\"71\" data-block-id=\"15\">\n<p class=\"content-text__container \" data-track-category=\"Link no Texto\" data-track-links=\"\">&#8220;A percep\u00e7\u00e3o de que o governo brasileiro est\u00e1 com dificuldades para se arrastar at\u00e9 o final do mandato cresceu fortemente. O estouro das contas p\u00fablicas, que seria mitigado pela recupera\u00e7\u00e3o da economia, pela queda dos juros, cortes das despesas e reformas, est\u00e1 firme em uma trajet\u00f3ria explosiva, realimentada pela decis\u00e3o de cobrir as demandas dos caminhoneiros com cortes de impostos&#8221;, escreveu em nota Pedro Paulo Silveira, economista-chefe da Nova Futura Investimentos.<\/p>\n<\/div>\n<div class=\"mc-column content-text active-extra-styles \" data-block-type=\"unstyled\" data-block-weight=\"54\" data-block-id=\"16\">\n<p class=\"content-text__container \" data-track-category=\"Link no Texto\" data-track-links=\"\">Al\u00e9m disso, a Federa\u00e7\u00e3o Nacional dos Petroleiros (FNP) decidiu convocar uma greve da categoria para come\u00e7ar na ter\u00e7a-feira (29) contra a pol\u00edtica de pre\u00e7os da Petrobras, acompanhando a decis\u00e3o da Federa\u00e7\u00e3o \u00danica dos Petroleiros (FUP) de convocar greve de 72 horas a partir de quarta-feira (30), v\u00e9spera do feriado de Corpus Christi no Brasil.<\/p>\n<p>Fonte: G1<\/p>\n<\/div>\n<\/div>\n","protected":false},"excerpt":{"rendered":"<p>A principal \u00edndice de a\u00e7\u00f5es da bolsa brasileira (B3), o Ibovespa, opera em forte queda nesta segunda-feira (28), em meio a preocupa\u00e7\u00f5es com os efeitos&#8230;<\/p>\n","protected":false},"author":1182,"featured_media":18708,"comment_status":"closed","ping_status":"closed","sticky":false,"template":"","format":"standard","meta":{"footnotes":""},"categories":[1],"tags":[],"class_list":["post-27019","post","type-post","status-publish","format-standard","has-post-thumbnail","hentry","category-sem-categoria"],"_links":{"self":[{"href":"https:\/\/www.sincomam.org.br\/index.php\/wp-json\/wp\/v2\/posts\/27019","targetHints":{"allow":["GET"]}}],"collection":[{"href":"https:\/\/www.sincomam.org.br\/index.php\/wp-json\/wp\/v2\/posts"}],"about":[{"href":"https:\/\/www.sincomam.org.br\/index.php\/wp-json\/wp\/v2\/types\/post"}],"author":[{"embeddable":true,"href":"https:\/\/www.sincomam.org.br\/index.php\/wp-json\/wp\/v2\/users\/1182"}],"replies":[{"embeddable":true,"href":"https:\/\/www.sincomam.org.br\/index.php\/wp-json\/wp\/v2\/comments?post=27019"}],"version-history":[{"count":1,"href":"https:\/\/www.sincomam.org.br\/index.php\/wp-json\/wp\/v2\/posts\/27019\/revisions"}],"predecessor-version":[{"id":27020,"href":"https:\/\/www.sincomam.org.br\/index.php\/wp-json\/wp\/v2\/posts\/27019\/revisions\/27020"}],"wp:featuredmedia":[{"embeddable":true,"href":"https:\/\/www.sincomam.org.br\/index.php\/wp-json\/wp\/v2\/media\/18708"}],"wp:attachment":[{"href":"https:\/\/www.sincomam.org.br\/index.php\/wp-json\/wp\/v2\/media?parent=27019"}],"wp:term":[{"taxonomy":"category","embeddable":true,"href":"https:\/\/www.sincomam.org.br\/index.php\/wp-json\/wp\/v2\/categories?post=27019"},{"taxonomy":"post_tag","embeddable":true,"href":"https:\/\/www.sincomam.org.br\/index.php\/wp-json\/wp\/v2\/tags?post=27019"}],"curies":[{"name":"wp","href":"https:\/\/api.w.org\/{rel}","templated":true}]}}