{"id":27017,"date":"2018-05-29T00:11:41","date_gmt":"2018-05-29T03:11:41","guid":{"rendered":"http:\/\/sincomam.org.br\/?p=27017"},"modified":"2018-05-28T17:13:41","modified_gmt":"2018-05-28T20:13:41","slug":"analise-com-o-desabastecimento-da-para-comparar-a-situacao-do-brasil-a-da-venezuela","status":"publish","type":"post","link":"https:\/\/www.sincomam.org.br\/index.php\/analise-com-o-desabastecimento-da-para-comparar-a-situacao-do-brasil-a-da-venezuela\/","title":{"rendered":"AN\u00c1LISE: com o desabastecimento, d\u00e1 para comparar a situa\u00e7\u00e3o do Brasil \u00e0 da Venezuela?"},"content":{"rendered":"<div class=\"mc-column content-text active-extra-styles active-capital-letter\" data-block-type=\"unstyled\" data-block-weight=\"55\" data-block-id=\"2\">\n<p class=\"content-text__container theme-color-primary-first-letter\" data-track-category=\"Link no Texto\" data-track-links=\"\">Filas quilom\u00e9tricas nos postos de gasolina e prateleiras de feiras e supermercados vazias s\u00e3o imagens do Plano Cruzado, no governo Sarney, que os brasileiros apagaram da mem\u00f3ria e habituaram-se a associar \u00e0 realidade da Venezuela. Essa combina\u00e7\u00e3o de desabastecimento, hiperinfla\u00e7\u00e3o e desnutri\u00e7\u00e3o for\u00e7ou, nos \u00faltimos anos, o \u00eaxodo de 50 mil venezuelanos para territ\u00f3rio brasileiro.<\/p>\n<\/div>\n<div class=\"wall\">\n<div class=\"mc-column content-text active-extra-styles \" data-block-type=\"unstyled\" data-block-weight=\"59\" data-block-id=\"3\">\n<p class=\"content-text__container \" data-track-category=\"Link no Texto\" data-track-links=\"\">Quando o nosso combust\u00edvel acabou e diferentes tipos de produtos come\u00e7aram a ficar escassos, a compara\u00e7\u00e3o foi autom\u00e1tica, em filas de supermercados, em declara\u00e7\u00f5es indignadas de pol\u00edticos, em memes nas redes sociais. Mas, afinal, al\u00e9m de prateleiras vazias, o que h\u00e1 de Venezuela na crise de abastecimento do Brasil? Pouca coisa, asseguram analistas brasileiros familiarizados com a situa\u00e7\u00e3o venezuelana.<\/p>\n<\/div>\n<div class=\"mc-column content-text active-extra-styles \" data-block-type=\"unstyled\" data-block-weight=\"28\" data-block-id=\"4\">\n<p class=\"content-text__container \" data-track-category=\"Link no Texto\" data-track-links=\"\">At\u00e9 a palavra caos soa diferente nos dois pa\u00edses &#8212; tempor\u00e1rio, para o Brasil; cr\u00f4nico e absoluto, para a Venezuela. Aqui, o desequil\u00edbrio econ\u00f4mico \u00e9 moment\u00e2neo; l\u00e1, estrutural.<\/p>\n<\/div>\n<div class=\"mc-column content-text active-extra-styles \" data-block-type=\"unstyled\" data-block-weight=\"32\" data-block-id=\"5\">\n<p class=\"content-text__container \" data-track-category=\"Link no Texto\" data-track-links=\"\">Professor de rela\u00e7\u00f5es internacionais da Funda\u00e7\u00e3o Get\u00falio Vargas, o pesquisador Oliver Stuenkel diz que o paralelo \u00e9 injusto com os venezuelanos, \u201cchega a ser irrespons\u00e1vel e subestima o sofrimento di\u00e1rio da popula\u00e7\u00e3o\u201d.<\/p>\n<\/div>\n<div class=\"mc-column content-text active-extra-styles \" data-block-type=\"unstyled\" data-block-weight=\"36\" data-block-id=\"6\">\n<p class=\"content-text__container \" data-track-category=\"Link no Texto\" data-track-links=\"\">No pa\u00eds de Nicol\u00e1s Maduro, que controla for\u00e7as armadas, Judici\u00e1rio e Legislativo, a escassez \u00e9 sist\u00eamica, fruto do colapso produtivo, da infla\u00e7\u00e3o estimada em 14.000% em 2018, da incapacidade de importa\u00e7\u00e3o e da inoper\u00e2ncia do governo.<\/p>\n<div class=\"wall\">\n<div class=\"mc-column content-text active-extra-styles \" data-block-type=\"unstyled\" data-block-weight=\"33\" data-block-id=\"9\">\n<p class=\"content-text__container \" data-track-category=\"Link no Texto\" data-track-links=\"\">\u201cSuas dimens\u00f5es s\u00e3o incompar\u00e1veis ao que vivemos aqui nos \u00faltimos dias. O Brasil tem apenas um desafio log\u00edstico, com poucos dias de desconforto. J\u00e1 a Venezuela levar\u00e1 d\u00e9cadas para se recuperar\u201d, atesta Stuenkel.<\/p>\n<\/div>\n<div class=\"mc-column content-text active-extra-styles \" data-block-type=\"unstyled\" data-block-weight=\"50\" data-block-id=\"10\">\n<p class=\"content-text__container \" data-track-category=\"Link no Texto\" data-track-links=\"\">Nem na avalia\u00e7\u00e3o mais pessimista do cientista pol\u00edtico Maur\u00edcio Santoro, professor de rela\u00e7\u00f5es internacionais da Uerj, o Brasil caminha na dire\u00e7\u00e3o da Venezuela, pa\u00eds que reflete uma realidade catastr\u00f3fica sem ter enfrentado guerras ou desastres naturais. Prova da fome e da escassez, venezuelanos perderam em m\u00e9dia 11 quilos em 2017.<\/p>\n<\/div>\n<div class=\"mc-column content-text active-extra-styles \" data-block-type=\"unstyled\" data-block-weight=\"23\" data-block-id=\"11\">\n<p class=\"content-text__container \" data-track-category=\"Link no Texto\" data-track-links=\"\">\u201cPara o Brasil, a Venezuela funciona como um espelho sombrio, um lembrete da m\u00e1 gest\u00e3o pol\u00edtica, do que pode dar errado\u201d, afirma Santoro.<\/p>\n<\/div>\n<div class=\"mc-column content-text active-extra-styles \" data-block-type=\"unstyled\" data-block-weight=\"28\" data-block-id=\"12\">\n<p class=\"content-text__container \" data-track-category=\"Link no Texto\" data-track-links=\"\">Por outro lado, observa, o desabastecimento da \u00faltima semana aproxima o brasileiro da realidade venezuelana, cria empatia a uma crise que se agravou desde 2014 no pa\u00eds vizinho.<\/p>\n<\/div>\n<div class=\"mc-column content-text active-extra-styles \" data-block-type=\"unstyled\" data-block-weight=\"24\" data-block-id=\"13\">\n<p class=\"content-text__container \" data-track-category=\"Link no Texto\" data-track-links=\"\">\u201cO desabastecimento ocorreu de forma muito r\u00e1pida, surpreendeu os brasileiros e inflou um discurso eleitoreiro, calcado na raiva e na polariza\u00e7\u00e3o ideol\u00f3gica\u201d, avalia Santoro.<\/p>\n<\/div>\n<div class=\"mc-column content-text active-extra-styles \" data-block-type=\"unstyled\" data-block-weight=\"46\" data-block-id=\"14\">\n<p class=\"content-text__container \" data-track-category=\"Link no Texto\" data-track-links=\"\">Professor de energia e mmbiente da USP, o economista Edmilson Moutinho dos Santos diz que Brasil e Venezuela se assemelham e se diferenciam em suas pen\u00farias e instabilidades. Desta forma, imagens de prateleiras vazias e aparente incapacidade de governan\u00e7a estimulam a compara\u00e7\u00e3o entre os dois pa\u00edses.<\/p>\n<\/div>\n<div class=\"mc-column content-text active-extra-styles \" data-block-type=\"unstyled\" data-block-weight=\"52\" data-block-id=\"15\">\n<p class=\"content-text__container \" data-track-category=\"Link no Texto\" data-track-links=\"\">No seu entender, o Brasil deve recome\u00e7ar a rodar, ap\u00f3s recompor a capacidade de negocia\u00e7\u00e3o e amortizar o choque dos pre\u00e7os do petr\u00f3leo, mesmo com um cen\u00e1rio inst\u00e1vel. \u201cA situa\u00e7\u00e3o venezuelana \u00e9 mais complexa. Pre\u00e7os de petr\u00f3leo mais altos alimentar\u00e3o as m\u00e1quinas de poder, de corrup\u00e7\u00e3o, de autoritarismo e de inefici\u00eancia\u201d, avalia.<\/p>\n<\/div>\n<\/div>\n<div data-track-category=\"fim do conteudo\" data-track-action=\"ultimo chunk conteudo\" data-track-noninteraction=\"false\" data-track-scroll=\"entrada completa viewport\">\n<div class=\"mc-column content-text active-extra-styles \" data-block-type=\"unstyled\" data-block-weight=\"24\" data-block-id=\"16\"><\/div>\n<\/div>\n<\/div>\n<\/div>\n","protected":false},"excerpt":{"rendered":"<p>Filas quilom\u00e9tricas nos postos de gasolina e prateleiras de feiras e supermercados vazias s\u00e3o imagens do Plano Cruzado, no governo Sarney, que os brasileiros apagaram&#8230;<\/p>\n","protected":false},"author":1182,"featured_media":20495,"comment_status":"closed","ping_status":"closed","sticky":false,"template":"","format":"standard","meta":{"footnotes":""},"categories":[6],"tags":[],"class_list":["post-27017","post","type-post","status-publish","format-standard","has-post-thumbnail","hentry","category-noticias"],"_links":{"self":[{"href":"https:\/\/www.sincomam.org.br\/index.php\/wp-json\/wp\/v2\/posts\/27017","targetHints":{"allow":["GET"]}}],"collection":[{"href":"https:\/\/www.sincomam.org.br\/index.php\/wp-json\/wp\/v2\/posts"}],"about":[{"href":"https:\/\/www.sincomam.org.br\/index.php\/wp-json\/wp\/v2\/types\/post"}],"author":[{"embeddable":true,"href":"https:\/\/www.sincomam.org.br\/index.php\/wp-json\/wp\/v2\/users\/1182"}],"replies":[{"embeddable":true,"href":"https:\/\/www.sincomam.org.br\/index.php\/wp-json\/wp\/v2\/comments?post=27017"}],"version-history":[{"count":1,"href":"https:\/\/www.sincomam.org.br\/index.php\/wp-json\/wp\/v2\/posts\/27017\/revisions"}],"predecessor-version":[{"id":27018,"href":"https:\/\/www.sincomam.org.br\/index.php\/wp-json\/wp\/v2\/posts\/27017\/revisions\/27018"}],"wp:featuredmedia":[{"embeddable":true,"href":"https:\/\/www.sincomam.org.br\/index.php\/wp-json\/wp\/v2\/media\/20495"}],"wp:attachment":[{"href":"https:\/\/www.sincomam.org.br\/index.php\/wp-json\/wp\/v2\/media?parent=27017"}],"wp:term":[{"taxonomy":"category","embeddable":true,"href":"https:\/\/www.sincomam.org.br\/index.php\/wp-json\/wp\/v2\/categories?post=27017"},{"taxonomy":"post_tag","embeddable":true,"href":"https:\/\/www.sincomam.org.br\/index.php\/wp-json\/wp\/v2\/tags?post=27017"}],"curies":[{"name":"wp","href":"https:\/\/api.w.org\/{rel}","templated":true}]}}