{"id":27012,"date":"2018-05-29T00:04:23","date_gmt":"2018-05-29T03:04:23","guid":{"rendered":"http:\/\/sincomam.org.br\/?p=27012"},"modified":"2018-05-28T17:11:24","modified_gmt":"2018-05-28T20:11:24","slug":"onibus-devem-ter-100-da-frota-na-terca-veja-como-estao-os-servicos-no-rio","status":"publish","type":"post","link":"https:\/\/www.sincomam.org.br\/index.php\/onibus-devem-ter-100-da-frota-na-terca-veja-como-estao-os-servicos-no-rio\/","title":{"rendered":"\u00d4nibus devem ter 100% da frota na ter\u00e7a; veja como est\u00e3o os servi\u00e7os no Rio"},"content":{"rendered":"<div class=\"mc-column content-text active-extra-styles active-capital-letter\" data-block-type=\"unstyled\" data-block-weight=\"34\" data-block-id=\"2\">\n<p class=\"content-text__container theme-color-primary-first-letter\" data-track-category=\"Link no Texto\" data-track-links=\"\">A Prefeitura do Rio anunciou, na tarde desta segunda-feira (28), que os servi\u00e7os de transporte p\u00fablico de \u00f4nibus e BRT v\u00e3o voltar a circular com a totalidade da frota a partir de ter\u00e7a (29).<\/p>\n<\/div>\n<div class=\"wall\">\n<div class=\"mc-column content-text active-extra-styles \" data-block-type=\"unstyled\" data-block-weight=\"16\" data-block-id=\"3\">\n<p class=\"content-text__container \" data-track-category=\"Link no Texto\" data-track-links=\"\">Segundo o secret\u00e1rio da Casa Civil, Paulo Messina, o diesel necess\u00e1rio para o funcionamento de toda a frota de \u00f4nibus e BRT da cidade j\u00e1 foi providenciado.<\/p>\n<\/div>\n<div class=\"mc-column content-text active-extra-styles \" data-block-type=\"unstyled\" data-block-weight=\"57\" data-block-id=\"5\">\n<p class=\"content-text__container \" data-track-category=\"Link no Texto\" data-track-links=\"\">&#8220;O Centro de Opera\u00e7\u00f5es Rio com a Secretaria de Seguran\u00e7a do Estado conseguiram garantir diesel suficiente para o retorno de 100% da frota dos \u00f4nibus municipais, os intermunicipais &#8211; pelo menos da regi\u00e3o metropolitana, e o BRT. A partir j\u00e1 desta madrugada&#8221;, garantiu o secret\u00e1rio. &#8220;A cidade volta \u00e0 sua normalidade plena a partir de amanh\u00e3&#8221;, acrescentou.<\/p>\n<\/div>\n<div class=\"mc-column content-text active-extra-styles \" data-block-type=\"unstyled\" data-block-weight=\"30\" data-block-id=\"6\">\n<p class=\"content-text__container \" data-track-category=\"Link no Texto\" data-track-links=\"\">Ainda nesta segunda, a Rio \u00d4nibus informou que vai manter o servi\u00e7o com 45% da frota, a concession\u00e1ria que administra o BRT prometeu manter quase 40% da frota em opera\u00e7\u00e3o.<\/p>\n<p><strong>Servicos<\/strong><\/p>\n<div class=\"mc-column content-text active-extra-styles \" data-block-type=\"unstyled\" data-block-weight=\"30\" data-block-id=\"9\">\n<p class=\"content-text__container \" data-track-category=\"Link no Texto\" data-track-links=\"\"><strong>&#8211; COLETA E AULAS TAMB\u00c9M NORMALIZADOS &#8211;<span>\u00a0<\/span><\/strong>Al\u00e9m da circula\u00e7\u00e3o de \u00f4nibus, a Prefeitura do Rio afirmou que as aulas e coleta de lixo tamb\u00e9m deve ser normalizada nesta ter\u00e7a.<\/p>\n<\/div>\n<div class=\"mc-column content-text active-extra-styles \" data-block-type=\"unstyled\" data-block-weight=\"39\" data-block-id=\"10\">\n<p class=\"content-text__container \" data-track-category=\"Link no Texto\" data-track-links=\"\"><strong>&#8211; POSTOS &#8211;<\/strong><span>\u00a0<\/span>O dia foi marcado pela volta do abastecimento em alguns postos na Regi\u00e3o Metropolitana. Longas filas foram formadas na Barra, S\u00e3o Crist\u00f3v\u00e3o, Baixada, Zona Norte e Zona Sul.<span>\u00a0<\/span><\/p>\n<\/div>\n<div class=\"mc-column content-text active-extra-styles \" data-block-type=\"unstyled\" data-block-weight=\"64\" data-block-id=\"12\">\n<p class=\"content-text__container \" data-track-category=\"Link no Texto\" data-track-links=\"\"><strong>&#8211; CEASA &#8211;<span>\u00a0<\/span><\/strong>Protestos de caminhoneiros em v\u00e1rios pontos do Estado do Rio e em outras regi\u00f5es seguem afetando diretamente o abastecimento na Ceasa -RJ. Nesta segunda (28), apenas 37 caminh\u00f5es conseguiram chegar at\u00e9 a central de abastecimento. Em uma segunda-feira normal entram em torno de 400 caminh\u00f5es carregados. Faltam alimentos como berinjela, batata, cebola, cenoura, br\u00f3colis, couve-flor, mandioca, beterraba, cenoura, morango, entre outros.<\/p>\n<\/div>\n<div class=\"mc-column content-text active-extra-styles \" data-block-type=\"unstyled\" data-block-weight=\"79\" data-block-id=\"13\">\n<p class=\"content-text__container \" data-track-category=\"Link no Texto\" data-track-links=\"\"><strong>&#8211; PRODUTOS E PRE\u00c7OS &#8211;<\/strong><span>\u00a0<\/span>Os produtos que ainda se obt\u00eam tiveram uma grande alta no pre\u00e7o, como a acelga (8kg) que antes custava em torno de R$ 15 hoje custa R$120; a alface extra crespa (6kg) antes era encontrado por R$ 15,00 hoje est\u00e1 custando em m\u00e9dia R$ 100,00; o couve-flor (16kg) passou de R$ 30 para R$80,00 e o tomate longa vida extra (22kg) que antes custava em m\u00e9dia R$ 45 hoje est\u00e1 custando em m\u00e9dia 120.<\/p>\n<\/div>\n<div class=\"mc-column content-text active-extra-styles \" data-block-type=\"unstyled\" data-block-weight=\"42\" data-block-id=\"14\">\n<p class=\"content-text__container \" data-track-category=\"Link no Texto\" data-track-links=\"\"><strong>-BARES &#8211;<span>\u00a0<\/span><\/strong>O SindRio, que representa bares e restaurantes, apurou em R$ 20 milh\u00f5es o preju\u00edzo durante esses oito dias de protestos de caminhoneiros com queda de movimento de em m\u00e9dia 40%. Isso s\u00f3 na capital: no Estado, essa cifra quase dobra.<\/p>\n<\/div>\n<div class=\"mc-column content-text active-extra-styles \" data-block-type=\"unstyled\" data-block-weight=\"49\" data-block-id=\"15\">\n<p class=\"content-text__container \" data-track-category=\"Link no Texto\" data-track-links=\"\"><strong>&#8211; IND\u00daSTRIA<\/strong><span>\u00a0<\/span>&#8211; Os primeiros cinco dias de greve dos caminhoneiros, at\u00e9 a \u00faltima sexta-feira (25), a ind\u00fastria do Rio de Janeiro teve um preju\u00edzo de R$ 77 milh\u00f5es. Segundo a Federal das Ind\u00fastrias do Rio (Firjan).<\/p>\n<\/div>\n<div class=\"mc-column content-text active-extra-styles \" data-block-type=\"unstyled\" data-block-weight=\"69\" data-block-id=\"16\">\n<p class=\"content-text__container \" data-track-category=\"Link no Texto\" data-track-links=\"\"><strong>&#8211; HOSPITAIS ESTADUAIS &#8211;<\/strong><span>\u00a0<\/span>A Secretaria de Estado de Sa\u00fade informa que as cirurgias eletivas, que tinham sido suspensas, est\u00e3o mantidas nos cinco hospitais de urg\u00eancia e emerg\u00eancia da rede estadual de sa\u00fade (Hospital Estadual Ad\u00e3o Pereira Nunes, Hospital Estadual Alberto Torres, Hospital Estadual Carlos Chagas, Hospital Estadual Azevedo Lima e Hospital Estadual Get\u00falio Vargas). A SES esclarece ainda que todas as unidades da rede estadual seguem em funcionamento.<\/p>\n<\/div>\n<div class=\"mc-column content-text active-extra-styles \" data-block-type=\"unstyled\" data-block-weight=\"28\" data-block-id=\"18\">\n<p class=\"content-text__container \" data-track-category=\"Link no Texto\" data-track-links=\"\"><strong>&#8211; COMLURB-<\/strong><span>\u00a0<\/span>mais 35 mil litros de Diesel foram conseguidos hoje. Nem a coleta, nem a disposi\u00e7\u00e3o final no aterro est\u00e3o ou estar\u00e3o com problemas. Tudo continua normal.<\/p>\n<\/div>\n<div class=\"mc-column content-text active-extra-styles \" data-block-type=\"unstyled\" data-block-weight=\"18\" data-block-id=\"19\">\n<p class=\"content-text__container \" data-track-category=\"Link no Texto\" data-track-links=\"\"><strong>&#8211; BLOQUEIOS &#8211;<span>\u00a0<\/span><\/strong>Estado do Rio ainda tem 24 vias interditadas, de acordo com a Pol\u00edcia Rodovi\u00e1ria Federal.<\/p>\n<\/div>\n<div class=\"mc-column content-text active-extra-styles \" data-block-type=\"unstyled\" data-block-weight=\"7\" data-block-id=\"20\">\n<p class=\"content-text__container \" data-track-category=\"Link no Texto\" data-track-links=\"\"><strong>&#8211; METR\u00d4<span>\u00a0<\/span><\/strong>&#8211; A opera\u00e7\u00e3o \u00e9 normal.<\/p>\n<\/div>\n<div class=\"mc-column content-text active-extra-styles \" data-block-type=\"unstyled\" data-block-weight=\"99\" data-block-id=\"21\">\n<p class=\"content-text__container \" data-track-category=\"Link no Texto\" data-track-links=\"\"><strong>&#8211; BARCAS (ARARIBOIA-PRA\u00c7A XV) &#8211;<span>\u00a0<\/span><\/strong>Para minimizar o impacto no transporte aquavi\u00e1rio causado pela greve nacional de caminhoneiros, a CCR Barcas adotou outras medidas contingenciais, at\u00e9 que o fornecimento de diesel para as embarca\u00e7\u00f5es seja regularizado. Na linha Arariboia \u2013 Pra\u00e7a XV \u2013 Arariboia, nos dias 29\/5 e 30\/5, os intervalos entre as viagens no per\u00edodo do rush (das 6h30 \u00e0s 10h e das 16h30 \u00e0s 20h10) ser\u00e3o de 20 minutos, e nos demais per\u00edodos ser\u00e3o de 30 minutos; no dia 1\u00ba\/6, as travessias acontecer\u00e3o a cada 30 minutos; nos dias 31\/5, 2\/6 e 3\/6, o servi\u00e7o ser\u00e1 interrompido.<\/p>\n<\/div>\n<div class=\"mc-column content-text active-extra-styles \" data-block-type=\"unstyled\" data-block-weight=\"17\" data-block-id=\"22\">\n<p class=\"content-text__container \" data-track-category=\"Link no Texto\" data-track-links=\"\"><strong>&#8211; BARCAS (CHARITAS, PAQUET\u00c1 E COCOT\u00c1<\/strong>)- Haver\u00e1 altera\u00e7\u00f5es nas linhas Charitas, Paquet\u00e1 e Cocot\u00e1, conforme segue abaixo:<\/p>\n<\/div>\n<div class=\"mc-column content-text active-extra-styles \" data-block-type=\"unstyled\" data-block-weight=\"17\" data-block-id=\"23\">\n<p class=\"content-text__container \" data-track-category=\"Link no Texto\" data-track-links=\"\">Linha Charitas \u2013 Nos dias 29 e 30, a Concession\u00e1ria vai operar conforme a grade a seguir:<\/p>\n<p><a href=\"http:\/\/sincomam.org.br\/wp-content\/uploads\/2018\/05\/rede.png\"><img fetchpriority=\"high\" decoding=\"async\" src=\"http:\/\/sincomam.org.br\/wp-content\/uploads\/2018\/05\/rede.png\" alt=\"rede\" width=\"633\" height=\"376\" class=\"aligncenter size-full wp-image-27013\" srcset=\"https:\/\/www.sincomam.org.br\/wp-content\/uploads\/2018\/05\/rede.png 633w, https:\/\/www.sincomam.org.br\/wp-content\/uploads\/2018\/05\/rede-300x178.png 300w\" sizes=\"(max-width: 633px) 100vw, 633px\" \/><\/a><\/p>\n<div class=\"mc-column content-text active-extra-styles \" data-block-type=\"unstyled\" data-block-weight=\"29\" data-block-id=\"25\">\n<p class=\"content-text__container \" data-track-category=\"Link no Texto\" data-track-links=\"\">E no dia 1\u00ba, a opera\u00e7\u00e3o ser\u00e1 de acordo com a grade abaixo. Vale ressaltar que a linha seletiva de Charitas n\u00e3o opera nos fins de semana e feriados.:<\/p>\n<p><a href=\"http:\/\/sincomam.org.br\/wp-content\/uploads\/2018\/05\/tete.png\"><img decoding=\"async\" src=\"http:\/\/sincomam.org.br\/wp-content\/uploads\/2018\/05\/tete.png\" alt=\"tete\" width=\"640\" height=\"364\" class=\"aligncenter size-full wp-image-27014\" srcset=\"https:\/\/www.sincomam.org.br\/wp-content\/uploads\/2018\/05\/tete.png 640w, https:\/\/www.sincomam.org.br\/wp-content\/uploads\/2018\/05\/tete-300x170.png 300w\" sizes=\"(max-width: 640px) 100vw, 640px\" \/><\/a><\/p>\n<div class=\"mc-column content-text active-extra-styles \" data-block-type=\"unstyled\" data-block-weight=\"70\" data-block-id=\"28\">\n<p class=\"content-text__container \" data-track-category=\"Link no Texto\" data-track-links=\"\">Linha Cocot\u00e1 \u2013 Nos dias 29\/5, 30\/5 e 1\u00ba\/6, no sentido Cocot\u00e1-Pra\u00e7a XV, as viagens programadas para as 7h e 9h20 n\u00e3o ser\u00e3o realizadas, permanecendo a viagem programada para as 8h; e no sentido Pra\u00e7a XV-Cocot\u00e1, as viagens programadas para as 17h30 e 19h50 n\u00e3o ser\u00e3o realizadas, permanecendo a viagem programada para as 18h40. Vale ressaltar que a linha seletiva de Cocot\u00e1 n\u00e3o opera nos fins de semana e feriados.<\/p>\n<\/div>\n<div class=\"mc-column content-text active-extra-styles \" data-block-type=\"unstyled\" data-block-weight=\"19\" data-block-id=\"29\">\n<p class=\"content-text__container \" data-track-category=\"Link no Texto\" data-track-links=\"\">&#8211; Linha Paquet\u00e1 \u2013 Nos dias 29, 30 e 1, a Concession\u00e1ria vai operar conforme a grade a seguir:<\/p>\n<\/div>\n<\/div>\n<div class=\"content-ads content-ads--reveal\" data-block-type=\"ads\" data-block-id=\"26\">\n<div data-id=\"banner_materia__54acd92080604c8983330274e1e427d8\" class=\"tag-manager-publicidade-container has-reveal has-ad-lazyload  tag-manager-publicidade-banner_materia__54acd92080604c8983330274e1e427d8 tag-manager-publicidade-container--carregado  tag-manager-publicidade-container--visivel\" id=\"banner_materia__54acd92080604c8983330274e1e427d8\" data-google-query-id=\"COqruo-aqdsCFRQbhwodP2QAEQ\" data-cid=\"138211835120\" data-lid=\"4432655459\"><a href=\"http:\/\/sincomam.org.br\/wp-content\/uploads\/2018\/05\/titi.png\"><img decoding=\"async\" src=\"http:\/\/sincomam.org.br\/wp-content\/uploads\/2018\/05\/titi.png\" alt=\"titi\" width=\"680\" height=\"136\" class=\"aligncenter size-full wp-image-27015\" srcset=\"https:\/\/www.sincomam.org.br\/wp-content\/uploads\/2018\/05\/titi.png 680w, https:\/\/www.sincomam.org.br\/wp-content\/uploads\/2018\/05\/titi-300x60.png 300w\" sizes=\"(max-width: 680px) 100vw, 680px\" \/><\/a><\/div>\n<\/div>\n<\/div>\n<\/div>\n<\/div>\n","protected":false},"excerpt":{"rendered":"<p>A Prefeitura do Rio anunciou, na tarde desta segunda-feira (28), que os servi\u00e7os de transporte p\u00fablico de \u00f4nibus e BRT v\u00e3o voltar a circular com&#8230;<\/p>\n","protected":false},"author":1182,"featured_media":26976,"comment_status":"closed","ping_status":"closed","sticky":false,"template":"","format":"standard","meta":{"footnotes":""},"categories":[6],"tags":[],"class_list":["post-27012","post","type-post","status-publish","format-standard","has-post-thumbnail","hentry","category-noticias"],"_links":{"self":[{"href":"https:\/\/www.sincomam.org.br\/index.php\/wp-json\/wp\/v2\/posts\/27012","targetHints":{"allow":["GET"]}}],"collection":[{"href":"https:\/\/www.sincomam.org.br\/index.php\/wp-json\/wp\/v2\/posts"}],"about":[{"href":"https:\/\/www.sincomam.org.br\/index.php\/wp-json\/wp\/v2\/types\/post"}],"author":[{"embeddable":true,"href":"https:\/\/www.sincomam.org.br\/index.php\/wp-json\/wp\/v2\/users\/1182"}],"replies":[{"embeddable":true,"href":"https:\/\/www.sincomam.org.br\/index.php\/wp-json\/wp\/v2\/comments?post=27012"}],"version-history":[{"count":1,"href":"https:\/\/www.sincomam.org.br\/index.php\/wp-json\/wp\/v2\/posts\/27012\/revisions"}],"predecessor-version":[{"id":27016,"href":"https:\/\/www.sincomam.org.br\/index.php\/wp-json\/wp\/v2\/posts\/27012\/revisions\/27016"}],"wp:featuredmedia":[{"embeddable":true,"href":"https:\/\/www.sincomam.org.br\/index.php\/wp-json\/wp\/v2\/media\/26976"}],"wp:attachment":[{"href":"https:\/\/www.sincomam.org.br\/index.php\/wp-json\/wp\/v2\/media?parent=27012"}],"wp:term":[{"taxonomy":"category","embeddable":true,"href":"https:\/\/www.sincomam.org.br\/index.php\/wp-json\/wp\/v2\/categories?post=27012"},{"taxonomy":"post_tag","embeddable":true,"href":"https:\/\/www.sincomam.org.br\/index.php\/wp-json\/wp\/v2\/tags?post=27012"}],"curies":[{"name":"wp","href":"https:\/\/api.w.org\/{rel}","templated":true}]}}