{"id":27007,"date":"2018-05-28T02:00:23","date_gmt":"2018-05-28T05:00:23","guid":{"rendered":"http:\/\/www.sincomam.org.br\/?p=27007"},"modified":"2018-05-27T19:04:14","modified_gmt":"2018-05-27T22:04:14","slug":"abastecimento-de-carne-de-aves-e-suinos-pode-levar-ate-2-meses-para-voltar-ao-normal-depois-da-greve-diz-abpa","status":"publish","type":"post","link":"https:\/\/www.sincomam.org.br\/index.php\/abastecimento-de-carne-de-aves-e-suinos-pode-levar-ate-2-meses-para-voltar-ao-normal-depois-da-greve-diz-abpa\/","title":{"rendered":"Abastecimento de carne de aves e su\u00ednos pode levar at\u00e9 2 meses para voltar ao normal depois da greve, diz ABPA"},"content":{"rendered":"<div class=\"mc-column content-text active-extra-styles active-capital-letter\" data-block-type=\"unstyled\" data-block-weight=\"43\" data-block-id=\"1\">\n<p class=\"content-text__container theme-color-primary-first-letter\" data-track-category=\"Link no Texto\" data-track-links=\"\">O abastecimento de carne de aves e su\u00ednos pode demorar at\u00e9 dois meses para se normalizar depois que for encerrada a greve dos caminhoneiros. A estimativa foi divulgada neste domingo pela entidade que representa o setor, a Associa\u00e7\u00e3o Brasileira de Prote\u00edna Animal (ABPA).<\/p>\n<\/div>\n<div class=\"wall\">\n<div class=\"mc-column content-text active-extra-styles \" data-block-type=\"unstyled\" data-block-weight=\"42\" data-block-id=\"2\">\n<p class=\"content-text__container \" data-track-category=\"Link no Texto\" data-track-links=\"\">Segundo a associa\u00e7\u00e3o, at\u00e9 agora 64 milh\u00f5es de aves adultas e pintinhos j\u00e1 morreram. \u201cA associa\u00e7\u00e3o lamenta anunciar que a mortandade animal j\u00e1 \u00e9 uma realidade devido \u00e0 falta de condi\u00e7\u00f5es minimamente aceit\u00e1veis de espa\u00e7o e quantidade de ra\u00e7\u00e3o\u201d, disse em nota.<\/p>\n<\/div>\n<div class=\"mc-column content-text active-extra-styles \" data-block-type=\"unstyled\" data-block-weight=\"44\" data-block-id=\"3\">\n<p class=\"content-text__container \" data-track-category=\"Link no Texto\" data-track-links=\"\">O n\u00famero de animais que n\u00e3o est\u00e3o recebendo alimenta\u00e7\u00e3o suficiente por falta de ra\u00e7\u00e3o \u00e9 de 1 bilh\u00e3o de aves e 20 milh\u00f5es de su\u00ednos. Com isso, h\u00e1 risco de canibaliza\u00e7\u00e3o entre os animais. Em v\u00e1rias cidades, j\u00e1 h\u00e1 relatos de dificuldades de abastecimento.<\/p>\n<\/div>\n<div class=\"mc-column content-media content-media--normal  content-photo\" data-block-type=\"backstage-photo\" data-block-id=\"4\">\n<div class=\"content-media__container\">\n<div class=\"content-media__image-centered\">\n<div class=\"progressive-img can-open-lightbox\" data-min-size=\"1008x756\" data-min-size-url=\"https:\/\/s2.glbimg.com\/iyMg409K_RBlk8SdA5xLk-HeYnI=\/0x0:1280x960\/1008x0\/smart\/filters:strip_icc()\/i.s3.glbimg.com\/v1\/AUTH_59edd422c0c84a879bd37670ae4f538a\/internal_photos\/bs\/2018\/I\/K\/QppQNfQu2zKEHNSBiBMQ\/unicompra-7-.jpeg\" data-max-size=\"1600x1200\" data-max-size-url=\"https:\/\/s2.glbimg.com\/QicJNCqQiPOP9IJ5yJtnkCthWHQ=\/0x0:1280x960\/1600x0\/smart\/filters:strip_icc()\/i.s3.glbimg.com\/v1\/AUTH_59edd422c0c84a879bd37670ae4f538a\/internal_photos\/bs\/2018\/I\/K\/QppQNfQu2zKEHNSBiBMQ\/unicompra-7-.jpeg\" data-media-index=\"0\">\n<div class=\"placeholder-container\">A previs\u00e3o \u00e9 que uma grande quantidade de animais seja sacrificada, em cumprimento \u00e0s recomenda\u00e7\u00f5es da Organiza\u00e7\u00e3o Mundial de Sa\u00fade Animal e das normas sanit\u00e1rias vigentes no Brasil.<\/p>\n<p><strong>Frigor\u00edficos parados<\/strong><\/div>\n<\/div>\n<\/div>\n<\/div>\n<\/div>\n<div class=\"mc-column content-text active-extra-styles \" data-block-type=\"unstyled\" data-block-weight=\"30\" data-block-id=\"9\">\n<p class=\"content-text__container \" data-track-category=\"Link no Texto\" data-track-links=\"\">A greve levou \u00e0 suspens\u00e3o das atividades em 167 unidades de produ\u00e7\u00e3o de carne su\u00edna e de aves. O n\u00famero representa mais de 234 mil trabalhadores com suas atividades interrompidas.<\/p>\n<\/div>\n<\/div>\n<div data-track-category=\"fim do conteudo\" data-track-action=\"ultimo chunk conteudo\" data-track-noninteraction=\"false\" data-track-scroll=\"entrada completa viewport\">\n<div class=\"mc-column content-text active-extra-styles \" data-block-type=\"unstyled\" data-block-weight=\"44\" data-block-id=\"10\">\n<p class=\"content-text__container \" data-track-category=\"Link no Texto\" data-track-links=\"\">Al\u00e9m do mercado interno, h\u00e1 impacto ainda nas exporta\u00e7\u00f5es de carne. At\u00e9 agora, ainda de acordo com a ABPA, 100 mil toneladas de carne de aves e de su\u00ednos deixaram de ser exportadas. A entidade estima que o impacto seja de US$ 350 milh\u00f5es.<\/p>\n<\/div>\n<\/div>\n","protected":false},"excerpt":{"rendered":"<p>O abastecimento de carne de aves e su\u00ednos pode demorar at\u00e9 dois meses para se normalizar depois que for encerrada a greve dos caminhoneiros. A&#8230;<\/p>\n","protected":false},"author":1182,"featured_media":22920,"comment_status":"closed","ping_status":"closed","sticky":false,"template":"","format":"standard","meta":{"footnotes":""},"categories":[6],"tags":[],"class_list":["post-27007","post","type-post","status-publish","format-standard","has-post-thumbnail","hentry","category-noticias"],"_links":{"self":[{"href":"https:\/\/www.sincomam.org.br\/index.php\/wp-json\/wp\/v2\/posts\/27007","targetHints":{"allow":["GET"]}}],"collection":[{"href":"https:\/\/www.sincomam.org.br\/index.php\/wp-json\/wp\/v2\/posts"}],"about":[{"href":"https:\/\/www.sincomam.org.br\/index.php\/wp-json\/wp\/v2\/types\/post"}],"author":[{"embeddable":true,"href":"https:\/\/www.sincomam.org.br\/index.php\/wp-json\/wp\/v2\/users\/1182"}],"replies":[{"embeddable":true,"href":"https:\/\/www.sincomam.org.br\/index.php\/wp-json\/wp\/v2\/comments?post=27007"}],"version-history":[{"count":1,"href":"https:\/\/www.sincomam.org.br\/index.php\/wp-json\/wp\/v2\/posts\/27007\/revisions"}],"predecessor-version":[{"id":27008,"href":"https:\/\/www.sincomam.org.br\/index.php\/wp-json\/wp\/v2\/posts\/27007\/revisions\/27008"}],"wp:featuredmedia":[{"embeddable":true,"href":"https:\/\/www.sincomam.org.br\/index.php\/wp-json\/wp\/v2\/media\/22920"}],"wp:attachment":[{"href":"https:\/\/www.sincomam.org.br\/index.php\/wp-json\/wp\/v2\/media?parent=27007"}],"wp:term":[{"taxonomy":"category","embeddable":true,"href":"https:\/\/www.sincomam.org.br\/index.php\/wp-json\/wp\/v2\/categories?post=27007"},{"taxonomy":"post_tag","embeddable":true,"href":"https:\/\/www.sincomam.org.br\/index.php\/wp-json\/wp\/v2\/tags?post=27007"}],"curies":[{"name":"wp","href":"https:\/\/api.w.org\/{rel}","templated":true}]}}