{"id":27001,"date":"2018-05-28T00:57:54","date_gmt":"2018-05-28T03:57:54","guid":{"rendered":"http:\/\/www.sincomam.org.br\/?p=27001"},"modified":"2018-05-27T18:58:37","modified_gmt":"2018-05-27T21:58:37","slug":"tokarski-toma-posse-na-antaq","status":"publish","type":"post","link":"https:\/\/www.sincomam.org.br\/index.php\/tokarski-toma-posse-na-antaq\/","title":{"rendered":"Tokarski toma posse na Antaq"},"content":{"rendered":"<p>A Antaq realizou a solenidade de posse do diretor Adalberto Tokarski, que ocupar\u00e1 o cargo at\u00e9 18 de fevereiro de 2022. Com M\u00e1rio Povia (geral), Francisval Mendes e, agora, com Adalberto Tokarski, a diretoria da Ag\u00eancia est\u00e1 completa. Em seu discurso, o Tokarski afirmou que trabalhar\u00e1 para o desenvolvimento portu\u00e1rio como forma de diminuir gargalos e para implementa\u00e7\u00e3o de pol\u00edticas p\u00fablicas para o melhoramento da navega\u00e7\u00e3o. \u201cA entrada em opera\u00e7\u00e3o de mais terminais de uso privado contribuiu para equacionar parte da demanda reprimida, mas \u00e9 preciso avan\u00e7ar mais. Al\u00e9m disso, precisamos incentivar a cabotagem\u201d, apontou o diretor.<\/p>\n<p>Ele lembrou, ainda, o papel da Ag\u00eancia nos processos licitat\u00f3rios do governo federal. \u201cDevemos criar um ambiente prop\u00edcio aos investimentos, melhorando a infraestrutura e destravando esses investimentos\u201d, disse o diretor, ressaltando que tamb\u00e9m defender\u00e1 a elimina\u00e7\u00e3o de conflitos de compet\u00eancia, visto que h\u00e1 vinte entes intervenientes na \u00e1rea portu\u00e1ria.<\/p>\n<p>Durante sua fala, Adalberto Tokarski garantiu que a Antaq deve estabelecer parcerias com \u00f3rg\u00e3os ambientais para dinamizar uma pauta positiva com o intuito de acelerar licenciamentos que beneficiar\u00e3o o setor portu\u00e1rio.<\/p>\n<p>O diretor afirmou que a matriz de transporte brasileira deve ser mais equilibrada. \u201c\u00c9 preciso utilizar mais o transporte hidrovi\u00e1rio, como modal para o transporte de grandes volumes e para grandes dist\u00e2ncias\u201d, ressaltou.<\/p>\n<p>Tokarski enalteceu o Programa de Rastreamento de Embarca\u00e7\u00f5es na Navega\u00e7\u00e3o (Prenav), que ter\u00e1 a participa\u00e7\u00e3o da Antaq, da Pol\u00edcia Federal, da Marinha do Brasil e do Centro Gestor e Operacional do Sistema de Prote\u00e7\u00e3o da Amaz\u00f4nia (Censipam). O Prenav deve ser implementado em breve e dar\u00e1 mais seguran\u00e7a \u00e0s embarca\u00e7\u00f5es que navegam nos rios da Amaz\u00f4nia.<\/p>\n<p>Agenda positiva com os usu\u00e1rios, desburocratiza\u00e7\u00e3o do setor, Sistema de Ourtorga Eletr\u00f4nica para navega\u00e7\u00e3o (j\u00e1 implantado pela Ag\u00eancia), a norma de direitos e deveres dos usu\u00e1rios aprovada no final de 2017 foram outros pontos destacados pelo diretor Adalberto Tokarski.<\/p>\n<p>O diretor-geral da Antaq, M\u00e1rio Povia, ressaltou que a Ag\u00eancia tem compromisso com a seguran\u00e7a jur\u00eddica, a estabilidade regulat\u00f3ria, aproxima\u00e7\u00e3o com os usu\u00e1rios, fiscaliza\u00e7\u00e3o presente e ativa, divulga\u00e7\u00e3o de dados estat\u00edsticos, descentraliza\u00e7\u00e3o de compet\u00eancias, melhoria da gest\u00e3o das docas, desburocratiza\u00e7\u00e3o, desenvolvimento da cabotagem, entre outros.<\/p>\n<p>\u201cA Antaq trabalha para ser uma Ag\u00eancia moderna e eficiente, e n\u00e3o uma reparti\u00e7\u00e3o p\u00fablica. Uma Ag\u00eancia com governan\u00e7a e transpar\u00eancia e que valorize cada centavo do contribuinte\u201d, destacou.<\/p>\n<p>O diretor da Antaq, Francisval Mendes, afirmou que \u201co quadro da dire\u00e7\u00e3o colegiada se completa e o momento \u00e9 de dar continuidade \u00e0s a\u00e7\u00f5es da Ag\u00eancia, dando \u00e0s respostas necess\u00e1rias \u00e0 sociedade e ao setor regulado\u201d.<\/p>\n<p>Conforme Mendes, a Antaq tem o poder de manter ou de modificar marcos regulat\u00f3rios, via normas e resolu\u00e7\u00f5es, que impactam diretamente na atra\u00e7\u00e3o de novos investimentos ao setor. \u201cConsequentemente, nossos atos contribuem com o crescimento econ\u00f4mico do pa\u00eds\u201d, ressaltou.<\/p>\n<p>\u201cSendo essa a raz\u00e3o de existir da Antaq, cabe a todos n\u00f3s, diretores, corpo funcional da Ag\u00eancia, iniciativa privada, investidores e usu\u00e1rios, agir com transpar\u00eancia e comprometimento em busca de resultados c\u00e9leres e efetivos\u201d, concluiu.<\/p>\n<p>O secret\u00e1rio de Pol\u00edtica e Integra\u00e7\u00e3o do Minist\u00e9rio dos Transportes, Portos e Avia\u00e7\u00e3o Civil, Carlos Ant\u00f4nio Barros, esteve presente \u00e0 solenidade de posse. Barros desejou sorte a Adalberto Tokarski. Destacou a integra\u00e7\u00e3o dos modais e disse que o governo federal est\u00e1 trabalhando para as implementa\u00e7\u00f5es, avalia\u00e7\u00f5es e a\u00e7\u00f5es de pol\u00edticas p\u00fablicas destinadas ao setor.<\/p>\n<p>Participaram da posse de Adalberto Tokarski representantes do DNIT, das ag\u00eancias reguladoras, do Minist\u00e9rio dos Transportes, do Minist\u00e9rio das Rela\u00e7\u00f5es Exteriores, entre outros \u00f3rg\u00e3os.<\/p>\n<div class=\"jwDisqusForm\"><\/div>\n","protected":false},"excerpt":{"rendered":"<p>A Antaq realizou a solenidade de posse do diretor Adalberto Tokarski, que ocupar\u00e1 o cargo at\u00e9 18 de fevereiro de 2022. Com M\u00e1rio Povia (geral),&#8230;<\/p>\n","protected":false},"author":1182,"featured_media":20206,"comment_status":"closed","ping_status":"closed","sticky":false,"template":"","format":"standard","meta":{"footnotes":""},"categories":[6],"tags":[],"class_list":["post-27001","post","type-post","status-publish","format-standard","has-post-thumbnail","hentry","category-noticias"],"_links":{"self":[{"href":"https:\/\/www.sincomam.org.br\/index.php\/wp-json\/wp\/v2\/posts\/27001","targetHints":{"allow":["GET"]}}],"collection":[{"href":"https:\/\/www.sincomam.org.br\/index.php\/wp-json\/wp\/v2\/posts"}],"about":[{"href":"https:\/\/www.sincomam.org.br\/index.php\/wp-json\/wp\/v2\/types\/post"}],"author":[{"embeddable":true,"href":"https:\/\/www.sincomam.org.br\/index.php\/wp-json\/wp\/v2\/users\/1182"}],"replies":[{"embeddable":true,"href":"https:\/\/www.sincomam.org.br\/index.php\/wp-json\/wp\/v2\/comments?post=27001"}],"version-history":[{"count":1,"href":"https:\/\/www.sincomam.org.br\/index.php\/wp-json\/wp\/v2\/posts\/27001\/revisions"}],"predecessor-version":[{"id":27002,"href":"https:\/\/www.sincomam.org.br\/index.php\/wp-json\/wp\/v2\/posts\/27001\/revisions\/27002"}],"wp:featuredmedia":[{"embeddable":true,"href":"https:\/\/www.sincomam.org.br\/index.php\/wp-json\/wp\/v2\/media\/20206"}],"wp:attachment":[{"href":"https:\/\/www.sincomam.org.br\/index.php\/wp-json\/wp\/v2\/media?parent=27001"}],"wp:term":[{"taxonomy":"category","embeddable":true,"href":"https:\/\/www.sincomam.org.br\/index.php\/wp-json\/wp\/v2\/categories?post=27001"},{"taxonomy":"post_tag","embeddable":true,"href":"https:\/\/www.sincomam.org.br\/index.php\/wp-json\/wp\/v2\/tags?post=27001"}],"curies":[{"name":"wp","href":"https:\/\/api.w.org\/{rel}","templated":true}]}}