{"id":26975,"date":"2018-05-25T09:34:35","date_gmt":"2018-05-25T12:34:35","guid":{"rendered":"http:\/\/www.sincomam.org.br\/?p=26975"},"modified":"2018-05-25T09:34:35","modified_gmt":"2018-05-25T12:34:35","slug":"brt-opera-com-43-da-frota-e-40-estacoes-fechadas-na-manha-desta-sexta-feira","status":"publish","type":"post","link":"https:\/\/www.sincomam.org.br\/index.php\/brt-opera-com-43-da-frota-e-40-estacoes-fechadas-na-manha-desta-sexta-feira\/","title":{"rendered":"BRT opera com 43% da frota e 40 esta\u00e7\u00f5es fechadas na manh\u00e3 desta sexta-feira"},"content":{"rendered":"<p>Os passageiros que utilizam o sistema BRT devem enfrentar dificuldades na manh\u00e3 desta sexta-feira. Como consequ\u00eancia do desabastecimento, o BRT Rio, concession\u00e1ria respons\u00e1vel pelo servi\u00e7o, alerta que a opera\u00e7\u00e3o hoje ainda ser\u00e1 com redu\u00e7\u00e3o de frota \u2014 cerca de 43%, segundo a concession\u00e1ria \u2014 e, assim como ocorrido nesta quinta-feira, 40 esta\u00e7\u00f5es est\u00e3o fechadas nos trechos da Avenida Ces\u00e1rio de Melo e entre Madureira e o Gale\u00e3o, os servi\u00e7os permanecem interrompidos e as esta\u00e7\u00f5es, fechadas.<\/p>\n<p>Nesta quinta-feira, o servi\u00e7o tamb\u00e9m foi prejudicado. Dos 440 ve\u00edculos, apenas 187 \u00f4nibus circulam (outros 33 fazem parte da chamada reserva t\u00e9cnica), segundo a concession\u00e1ria. A situa\u00e7\u00e3o se repete nesta sexta-feira. A recomenda\u00e7\u00e3o do BRT Rio \u00e9 que o passageiro antecipe o embarque ou espere o fim do hor\u00e1rio de pico.<\/p>\n<p><strong>GRUPO MANT\u00c9M GREVE<\/strong><\/p>\n<p>Apesar da tr\u00e9gua de dois dias acordada durante uma reuni\u00e3o entre o governador Luiz Fernando Pez\u00e3o e caminhoneiros do movimento grevista no Rio \u2014 foi proposta a redu\u00e7\u00e3o da al\u00edquota do ICMS do diesel para 12% no Rio, igualando com o mesmo valor coletado em S\u00e3o Paulo \u2014 alguns condutores decidiram n\u00e3o interromper a paralisa\u00e7\u00e3o. Ao menos esse era o caso de um grupo de caminhoneiros aut\u00f4nomos que continuava com seus ve\u00edculos parados na Rodovia Washington Lu\u00eds, na altura de Duque de Caxias, Baixada Fluminense, na madrugada desta sexta-feira. Eles alegaram n\u00e3o &#8220;ser suficiente&#8221; o que foi oferecido pelo governo.<\/p>\n<p>\u2014 Os caminhoneiros n\u00e3o querem rodar mais at\u00e9 reduzir a carga tribut\u00e1ria no combust\u00edvel. N\u00f3s s\u00f3 aceitaremos um acordo se o pre\u00e7o do diesel ficar justo. Hoje, com o valor combust\u00edvel como est\u00e1, uma viagem faz com que os custos superem o lucro. N\u00e3o d\u00e1 para trabalhar assim \u2014 disse um dos caminhoneiros aut\u00f4nomos, que pediu para n\u00e3o ser identificado.<\/p>\n<p>Os caminhoneiros estavam posicionados pr\u00f3ximo \u00e0 Distribuidora BR, mas o tr\u00e2nsito n\u00e3o havia sido interditado nesta madrugada. Segundo condutores que estavam no local, as portas das distribuidores n\u00e3o foram bloqueadas, e a decis\u00e3o de n\u00e3o realizar o transporte \u00e9 dos pr\u00f3prios motoristas dos ve\u00edculos.<\/p>\n<p><strong>SUPERVIA: SEM EXTENS\u00d5ES NO FIM DE SEMANA<\/strong><\/p>\n<p>A SuperVia reajustou a grade hor\u00e1ria das extens\u00f5es Guapimirim e Vila Inhomirim, ambos abastecidos com \u00f3leo diesel. A concession\u00e1ria cancelou. &#8220;Devido \u00e0 greve nacional dos caminhoneiros, a concession\u00e1ria n\u00e3o est\u00e1 sendo abastecida com o combust\u00edvel. J\u00e1 neste s\u00e1bado e domingo, n\u00e3o haver\u00e1 opera\u00e7\u00e3o de trens nessas extens\u00f5es. Os passageiros est\u00e3o sendo informados nas esta\u00e7\u00f5es por cartazes e pelo sistema de \u00e1udio, bem como nos perfis digitais da SuperVia. Os hor\u00e1rios podem ser consultados nas esta\u00e7\u00f5es, na se\u00e7\u00e3o &#8220;Planeje Sua Viagem&#8221; (dispon\u00edvel no aplicativo e no site www.supervia.com.br), ou por meio do SuperVia Fone, no n\u00famero 0800.726.9494. A concession\u00e1ria reavaliar\u00e1 o ajuste da grade hor\u00e1ria conforme o andamento da greve dos caminhoneiros&#8221;, afirma a Supervia, que programou para hoje a oferta de 2.103.600 lugares, em 942 viagens.<\/p>\n<p>Nesta quinta-feira, a concession\u00e1ria registrou um aumento de cerca de cinco mil passageiros do in\u00edcio da opera\u00e7\u00e3o at\u00e9 \u00e0s 9h, o que representa 2,5% a mais que a m\u00e9dia di\u00e1ria desta faixa de hor\u00e1rio. O crescimento mais significativo foi observado nos ramais Santa Cruz e Saracuruna, informou a concession\u00e1ria. As esta\u00e7\u00f5es integradas ou pr\u00f3ximas ao BRT (Cosmos, Madureira, Penha e Paci\u00eancia), al\u00e9m da esta\u00e7\u00e3o Gramacho, foram as que registraram os principais aumentos no n\u00famero de acessos.<\/p>\n<p><strong>BARCAS: SEM LINHA ARARIBOIA NO FIM DE SEMANA<\/strong><\/p>\n<p>A CCR Barcas informou que o servi\u00e7o ter\u00e1 um esquema especial entre hoje e a pr\u00f3xima segunda-feira. Na linha Arariboia, o servi\u00e7o ser\u00e1 interrompido no fim de semana (26 e 27 de maio), e nas linhas Charitas, Paquet\u00e1 e Cocot\u00e1, haver\u00e1 o cancelamento de algumas viagens. As medidas, autorizadas pela Secretaria de estadual de Transportes, v\u00e3o gerar uma redu\u00e7\u00e3o de 8% no n\u00famero de travessias realizadas pela Concession\u00e1ria regularmente.Confira as altera\u00e7\u00f5es:<\/p>\n<p><strong>Linha Arariboia &#8211;<\/strong><span>\u00a0<\/span>N\u00e3o haver\u00e1 viagens no fim de semana (26 e 27 de maio). Nos dias \u00fateis (25 e 28 de maio), a grade permanece inalterada.<\/p>\n<p><strong>Linha Charitas &#8211;<\/strong><span>\u00a0<\/span>Nos dias 25 e 28 de maio, no sentido Charitas-Pra\u00e7a XV, as viagens programadas para as 10h30 e 11h30 n\u00e3o ser\u00e3o realizadas; e no sentido Pra\u00e7a XV-Charitas, as viagens programadas para as 11h e 12h n\u00e3o ser\u00e3o realizadas. Os demais hor\u00e1rios permanecem inalterados.<\/p>\n<p><strong>Linha Cocot\u00e1 &#8211;<\/strong><span>\u00a0<\/span>Nos dias 25 e 28 de maio, no sentido Cocot\u00e1-Pra\u00e7a XV, as viagens programadas para as 7h e 9h20 n\u00e3o ser\u00e3o realizadas, permanecendo a viagem programada para as 8h; e no sentido Pra\u00e7a XV-Cocot\u00e1, as viagens programadas para as 17h30 e 19h50 n\u00e3o ser\u00e3o realizadas, permanecendo a viagem programada para as 18h40.<\/p>\n<p><strong>Linha Paquet\u00e1 \u2013<\/strong><span>\u00a0<\/span>Nos dias \u00fateis (25 e 28), no sentido Paquet\u00e1-Pra\u00e7a XV, as viagens programadas para as 5h30, 7h30, 16h30 e 21h n\u00e3o ser\u00e3o realizadas; e no sentido Pra\u00e7a XV-Paquet\u00e1, as viagens programadas para as 8h30, 15h30 e 20h n\u00e3o ser\u00e3o realizadas. No fim de semana (26 e 27 de maio), no sentido Paquet\u00e1-Pra\u00e7a XV, as viagens programadas para as 10h, 13h, 14h30, 17h30, 20h30 e 23h30 n\u00e3o ser\u00e3o realizadas; e no sentido Pra\u00e7a XV-Paquet\u00e1, as viagens programadas para as 8h30, 11h30, 14h30, 17h30, 20h30 e 0h n\u00e3o ser\u00e3o realizadas.<\/p>\n<div class=\"publicidade-materia \">\n<div>\n<div id=\"sponsored-links\">\n<div id=\"pub-box-materia\" data-google-query-id=\"CLne2KvtoNsCFcZHhgodR_sOcA\">Fonte: O Globo<\/div>\n<\/div>\n<\/div>\n<\/div>\n","protected":false},"excerpt":{"rendered":"<p>Os passageiros que utilizam o sistema BRT devem enfrentar dificuldades na manh\u00e3 desta sexta-feira. Como consequ\u00eancia do desabastecimento, o BRT Rio, concession\u00e1ria respons\u00e1vel pelo servi\u00e7o,&#8230;<\/p>\n","protected":false},"author":1182,"featured_media":26976,"comment_status":"closed","ping_status":"closed","sticky":false,"template":"","format":"standard","meta":{"footnotes":""},"categories":[6],"tags":[],"class_list":["post-26975","post","type-post","status-publish","format-standard","has-post-thumbnail","hentry","category-noticias"],"_links":{"self":[{"href":"https:\/\/www.sincomam.org.br\/index.php\/wp-json\/wp\/v2\/posts\/26975","targetHints":{"allow":["GET"]}}],"collection":[{"href":"https:\/\/www.sincomam.org.br\/index.php\/wp-json\/wp\/v2\/posts"}],"about":[{"href":"https:\/\/www.sincomam.org.br\/index.php\/wp-json\/wp\/v2\/types\/post"}],"author":[{"embeddable":true,"href":"https:\/\/www.sincomam.org.br\/index.php\/wp-json\/wp\/v2\/users\/1182"}],"replies":[{"embeddable":true,"href":"https:\/\/www.sincomam.org.br\/index.php\/wp-json\/wp\/v2\/comments?post=26975"}],"version-history":[{"count":1,"href":"https:\/\/www.sincomam.org.br\/index.php\/wp-json\/wp\/v2\/posts\/26975\/revisions"}],"predecessor-version":[{"id":26977,"href":"https:\/\/www.sincomam.org.br\/index.php\/wp-json\/wp\/v2\/posts\/26975\/revisions\/26977"}],"wp:featuredmedia":[{"embeddable":true,"href":"https:\/\/www.sincomam.org.br\/index.php\/wp-json\/wp\/v2\/media\/26976"}],"wp:attachment":[{"href":"https:\/\/www.sincomam.org.br\/index.php\/wp-json\/wp\/v2\/media?parent=26975"}],"wp:term":[{"taxonomy":"category","embeddable":true,"href":"https:\/\/www.sincomam.org.br\/index.php\/wp-json\/wp\/v2\/categories?post=26975"},{"taxonomy":"post_tag","embeddable":true,"href":"https:\/\/www.sincomam.org.br\/index.php\/wp-json\/wp\/v2\/tags?post=26975"}],"curies":[{"name":"wp","href":"https:\/\/api.w.org\/{rel}","templated":true}]}}