{"id":26972,"date":"2018-05-25T09:22:31","date_gmt":"2018-05-25T12:22:31","guid":{"rendered":"http:\/\/www.sincomam.org.br\/?p=26972"},"modified":"2018-05-25T12:05:23","modified_gmt":"2018-05-25T15:05:23","slug":"paralisacao-abeam","status":"publish","type":"post","link":"https:\/\/www.sincomam.org.br\/index.php\/paralisacao-abeam\/","title":{"rendered":"SINCOMAM CONVOCA CATEGORIA PARA PARALISA\u00c7\u00c3O NO APOIO MAR\u00cdTIMO"},"content":{"rendered":"<p>Prezados Companheiros Condutores de M\u00e1quinas,<\/p>\n<p>Informamos que em face da convoca\u00e7\u00e3o de greve que est\u00e1 sendo programada para pr\u00f3xima segunda-feira (28\/05).<\/p>\n<p>E em solidariedade ao movimento dos companheiros trabalhadores caminhoneiros, que como todos n\u00f3s est\u00e3o sendo massacrados por uma pol\u00edtica de governo que diminui progressivamente os ganhos suados do nosso labor com impostos extorsivos e ainda cerceia os direitos trabalhista com uma reforma na CLT, criminosa. Fazendo com que muitas empresas aproveitem para diminuir sal\u00e1rios e benef\u00edcios conquistados durantes muitos anos de luta sindical.<\/p>\n<p>Outrossim, somos favor\u00e1veis a paralisa\u00e7\u00e3o, mas s\u00e3o os senhores que decidem, pois at\u00e9 o momento s\u00f3 tivemos uma proposta indecente da ABEAM, eis que \u00e9 o momento de unirmos for\u00e7as e mostrar que tamb\u00e9m n\u00e3o perdemos a coragem de lutar!<\/p>\n<p>Os Contramestres, Mestres de cabotagem e CDMs, favor se manifestarem atrav\u00e9s desse email <strong><a href=\"mailto:sincomam.acordos@terra.com.br\">sincomam.acordos@terra.com.br<\/a><\/strong> , pois n\u00e3o temos filia\u00e7\u00e3o com a institui\u00e7\u00e3o que faz a referida convoca\u00e7\u00e3o. Cabe lembrar que se deve manifestar unicamente no email indicado.<\/p>\n<p>Solicitamos que encaminhem o <strong>mais r\u00e1pido poss\u00edvel<\/strong> para nosso e-mail: <a href=\"mailto:sincomam.acordos@terra.com.br\"><strong>sincomam.acordos@terra.com.br<\/strong><\/a> at\u00e9 amanh\u00e3 <strong>(25\/05)<\/strong> as <strong>17:00 horas<\/strong>, a aceita\u00e7\u00e3o ou n\u00e3o \u00a0da paralisa\u00e7\u00e3o, informando o nome, categoria\/fun\u00e7\u00e3o e empresa.<\/p>\n<p>Atenciosamente,<\/p>\n<p>ALCIR DA COSTA ALBERNOZ,\u00a0Diretor Presidente SINCOMAM<br \/>VALTER MARTINS RAMOS,\u00a0Diretor Presidente SINDMESTRES<\/p>\n<p>&nbsp;<\/p>\n","protected":false},"excerpt":{"rendered":"<p>Prezados Companheiros Condutores de M\u00e1quinas, Informamos que em face da convoca\u00e7\u00e3o de greve que est\u00e1 sendo programada para pr\u00f3xima segunda-feira (28\/05). E em solidariedade ao&#8230;<\/p>\n","protected":false},"author":1182,"featured_media":26979,"comment_status":"closed","ping_status":"closed","sticky":false,"template":"","format":"standard","meta":{"footnotes":""},"categories":[6],"tags":[],"class_list":["post-26972","post","type-post","status-publish","format-standard","has-post-thumbnail","hentry","category-noticias"],"_links":{"self":[{"href":"https:\/\/www.sincomam.org.br\/index.php\/wp-json\/wp\/v2\/posts\/26972","targetHints":{"allow":["GET"]}}],"collection":[{"href":"https:\/\/www.sincomam.org.br\/index.php\/wp-json\/wp\/v2\/posts"}],"about":[{"href":"https:\/\/www.sincomam.org.br\/index.php\/wp-json\/wp\/v2\/types\/post"}],"author":[{"embeddable":true,"href":"https:\/\/www.sincomam.org.br\/index.php\/wp-json\/wp\/v2\/users\/1182"}],"replies":[{"embeddable":true,"href":"https:\/\/www.sincomam.org.br\/index.php\/wp-json\/wp\/v2\/comments?post=26972"}],"version-history":[{"count":4,"href":"https:\/\/www.sincomam.org.br\/index.php\/wp-json\/wp\/v2\/posts\/26972\/revisions"}],"predecessor-version":[{"id":26994,"href":"https:\/\/www.sincomam.org.br\/index.php\/wp-json\/wp\/v2\/posts\/26972\/revisions\/26994"}],"wp:featuredmedia":[{"embeddable":true,"href":"https:\/\/www.sincomam.org.br\/index.php\/wp-json\/wp\/v2\/media\/26979"}],"wp:attachment":[{"href":"https:\/\/www.sincomam.org.br\/index.php\/wp-json\/wp\/v2\/media?parent=26972"}],"wp:term":[{"taxonomy":"category","embeddable":true,"href":"https:\/\/www.sincomam.org.br\/index.php\/wp-json\/wp\/v2\/categories?post=26972"},{"taxonomy":"post_tag","embeddable":true,"href":"https:\/\/www.sincomam.org.br\/index.php\/wp-json\/wp\/v2\/tags?post=26972"}],"curies":[{"name":"wp","href":"https:\/\/api.w.org\/{rel}","templated":true}]}}