{"id":26969,"date":"2018-05-24T12:03:50","date_gmt":"2018-05-24T15:03:50","guid":{"rendered":"http:\/\/sincomam.org.br\/?p=26969"},"modified":"2018-05-24T12:03:50","modified_gmt":"2018-05-24T15:03:50","slug":"gilmar-mendes-autoriza-mais-prazo-em-investigacao-que-envolve-aecio-e-anastasia","status":"publish","type":"post","link":"https:\/\/www.sincomam.org.br\/index.php\/gilmar-mendes-autoriza-mais-prazo-em-investigacao-que-envolve-aecio-e-anastasia\/","title":{"rendered":"Gilmar Mendes autoriza mais prazo em investiga\u00e7\u00e3o que envolve A\u00e9cio e Anastasia"},"content":{"rendered":"<p>O ministro do Supremo Tribunal Federal (STF) Gilmar Mendes autorizou a prorroga\u00e7\u00e3o por mais 60 dias de um dos inqu\u00e9ritos abertos contra os senadores do PSDB de Minas Gerais A\u00e9cio Neves e Antonio Anastasia a partir das dela\u00e7\u00f5es premiadas de ex-executivos da Odebrecht.<\/p>\n<div class=\"wall\">\n<div class=\"mc-column content-text active-extra-styles \" data-block-type=\"unstyled\" data-block-weight=\"48\" data-block-id=\"2\">\n<p class=\"content-text__container \" data-track-category=\"Link no Texto\" data-track-links=\"\">A investiga\u00e7\u00e3o \u00e9 sobre se A\u00e9cio, Anastasia, o ex-presidente da Companhia de Desenvolvimento Econ\u00f4mico de Minas Gerais (Codemig) Oswaldo Borges da Costa e o marqueteiro Paulo Vasconcelos do Ros\u00e1rio Neto receberam vantagens indevidas na campanha de Anastasia ao governo de Minas Gerais em 2010, a pedido de A\u00e9cio.<\/p>\n<\/div>\n<div class=\"mc-column content-text active-extra-styles \" data-block-type=\"unstyled\" data-block-weight=\"52\" data-block-id=\"3\">\n<p class=\"content-text__container \" data-track-category=\"Link no Texto\" data-track-links=\"\">O ministro j\u00e1 havia ampliado por mais dois meses outra investiga\u00e7\u00e3o contra A\u00e9cio, a que apura se o senador teve participa\u00e7\u00e3o em suposta maquiagem nos dados sobre o Banco Rural com objetivo de esconder a exist\u00eancia do mensal\u00e3o mineiro durante a apura\u00e7\u00e3o na CPI dos Correios, que investigou o mensal\u00e3o do PT.<\/p>\n<\/div>\n<div class=\"mc-column content-text active-extra-styles \" data-block-type=\"unstyled\" data-block-weight=\"49\" data-block-id=\"4\">\n<p class=\"content-text__container \" data-track-category=\"Link no Texto\" data-track-links=\"\">No caso que envolve supostas irregularidades na campanha de Anastasia, a Pol\u00edcia Federal pediu mais prazo para ouvir depoimento de Oswaldo Borges da Costa Filho, al\u00e9m de avaliar dados do sistema de comunica\u00e7\u00e3o do setor de propinas da Odebrecht &#8220;Drousys&#8221; e do sistema de contabilidade paralela &#8220;My Web Day&#8221;.<\/p>\n<\/div>\n<div class=\"mc-column content-text active-extra-styles \" data-block-type=\"unstyled\" data-block-weight=\"48\" data-block-id=\"5\">\n<p class=\"content-text__container \" data-track-category=\"Link no Texto\" data-track-links=\"\">A procuradora-geral da Rep\u00fablica, Raquel Dodge, concordou com a prorroga\u00e7\u00e3o afirmando que seria necess\u00e1rio, ainda, obter registros de entrada do ex-diretor da Odebrecht em Minas S\u00e9rgio Luiz Neves na Codemig. Segundo Dodge, a empresa afirmou no processo n\u00e3o havia registros, mas destacou que o controle \u00e9 feito manualmente.<\/p>\n<\/div>\n<div class=\"mc-column content-text active-extra-styles \" data-block-type=\"unstyled\" data-block-weight=\"60\" data-block-id=\"6\">\n<p class=\"content-text__container \" data-track-category=\"Link no Texto\" data-track-links=\"\">Ao autorizar a prorroga\u00e7\u00e3o, Gilmar Mendes destacou que o regimento do STF prev\u00ea a prorroga\u00e7\u00e3o quando h\u00e1 dilig\u00eancias pendentes. &#8220;Defiro a prorroga\u00e7\u00e3o do prazo para a conclus\u00e3o das investiga\u00e7\u00f5es, por sessenta dias, para realizar as inquiri\u00e7\u00f5es pendentes e para &#8216;an\u00e1lise e eventual per\u00edcia em dados dos sistemas utilizados pelo Setor de Opera\u00e7\u00f5es Estruturadas da Odebrecht, &#8216;my web day&#8217; e &#8216;drousys&#8217;.&#8221;<\/p>\n<\/div>\n<\/div>\n<div data-track-category=\"fim do conteudo\" data-track-action=\"ultimo chunk conteudo\" data-track-noninteraction=\"false\" data-track-scroll=\"entrada completa viewport\">\n<div class=\"mc-column content-text active-extra-styles \" data-block-type=\"unstyled\" data-block-weight=\"17\" data-block-id=\"7\">\n<p class=\"content-text__container \" data-track-category=\"Link no Texto\" data-track-links=\"\">A\u00e9cio \u00e9 alvo tamb\u00e9m de outras apura\u00e7\u00f5es no STF e Anastasia \u00e9 investigado em um segundo inqu\u00e9rito.<\/p>\n<p>Fonte: G1<\/p>\n<\/div>\n<\/div>\n","protected":false},"excerpt":{"rendered":"<p>O ministro do Supremo Tribunal Federal (STF) Gilmar Mendes autorizou a prorroga\u00e7\u00e3o por mais 60 dias de um dos inqu\u00e9ritos abertos contra os senadores do&#8230;<\/p>\n","protected":false},"author":1182,"featured_media":19491,"comment_status":"closed","ping_status":"closed","sticky":false,"template":"","format":"standard","meta":{"footnotes":""},"categories":[6],"tags":[],"class_list":["post-26969","post","type-post","status-publish","format-standard","has-post-thumbnail","hentry","category-noticias"],"_links":{"self":[{"href":"https:\/\/www.sincomam.org.br\/index.php\/wp-json\/wp\/v2\/posts\/26969","targetHints":{"allow":["GET"]}}],"collection":[{"href":"https:\/\/www.sincomam.org.br\/index.php\/wp-json\/wp\/v2\/posts"}],"about":[{"href":"https:\/\/www.sincomam.org.br\/index.php\/wp-json\/wp\/v2\/types\/post"}],"author":[{"embeddable":true,"href":"https:\/\/www.sincomam.org.br\/index.php\/wp-json\/wp\/v2\/users\/1182"}],"replies":[{"embeddable":true,"href":"https:\/\/www.sincomam.org.br\/index.php\/wp-json\/wp\/v2\/comments?post=26969"}],"version-history":[{"count":1,"href":"https:\/\/www.sincomam.org.br\/index.php\/wp-json\/wp\/v2\/posts\/26969\/revisions"}],"predecessor-version":[{"id":26970,"href":"https:\/\/www.sincomam.org.br\/index.php\/wp-json\/wp\/v2\/posts\/26969\/revisions\/26970"}],"wp:featuredmedia":[{"embeddable":true,"href":"https:\/\/www.sincomam.org.br\/index.php\/wp-json\/wp\/v2\/media\/19491"}],"wp:attachment":[{"href":"https:\/\/www.sincomam.org.br\/index.php\/wp-json\/wp\/v2\/media?parent=26969"}],"wp:term":[{"taxonomy":"category","embeddable":true,"href":"https:\/\/www.sincomam.org.br\/index.php\/wp-json\/wp\/v2\/categories?post=26969"},{"taxonomy":"post_tag","embeddable":true,"href":"https:\/\/www.sincomam.org.br\/index.php\/wp-json\/wp\/v2\/tags?post=26969"}],"curies":[{"name":"wp","href":"https:\/\/api.w.org\/{rel}","templated":true}]}}