{"id":26967,"date":"2018-05-24T12:01:07","date_gmt":"2018-05-24T15:01:07","guid":{"rendered":"http:\/\/sincomam.org.br\/?p=26967"},"modified":"2018-05-24T12:01:07","modified_gmt":"2018-05-24T15:01:07","slug":"trump-cancela-cupula-com-lider-da-coreia-do-norte","status":"publish","type":"post","link":"https:\/\/www.sincomam.org.br\/index.php\/trump-cancela-cupula-com-lider-da-coreia-do-norte\/","title":{"rendered":"Trump cancela c\u00fapula com l\u00edder da Coreia do Norte"},"content":{"rendered":"<p>O presidente dos Estados Unidos,\u00a0Donald Trump, enviou uma carta ao l\u00edder da\u00a0Coreia do Norte, Kim Jong-un, pedindo o cancelamento da reuni\u00e3o de c\u00fapula, prevista para acontecer em 12 de junho em Cingapura. No texto, o republicano justifica a decis\u00e3o pela &#8220;tremenda raiva e hostilidade aberta&#8221; manifestada em declara\u00e7\u00e3o recente de autoridades norte-coreanas.<\/p>\n<p>&#8220;Estava aguardando muito estar l\u00e1 com voc\u00ea&#8221;, escreveu o presidente americano na carta divulgada pela Casa Branca. &#8220;Infelizmente, com base na tremenda raiva e hostilidade aberta demonstrada em sua mais recente declara\u00e7\u00e3o, sinto que \u00e9 inapropriado, neste momento, termos este encontro h\u00e1 muito tempo planejado&#8221;.<\/p>\n<p>O presidente disse ao governo norte-coreano que tomou a decis\u00e3o &#8220;pelo bem das duas partes, mas em detrimento do mundo&#8221;. Para ele, o mundo perde &#8220;uma grande oportunidade para a paz duradoura&#8221;. Apesar disso, Trump pediu para Kim &#8220;n\u00e3o hesitar em me ligar ou escrever&#8221;, caso a Coreia do Norte mude de posi\u00e7\u00e3o sobre a c\u00fapula.<\/p>\n<p>Na carta, Trump fez men\u00e7\u00e3o aos dois arsenais nuclares: &#8220;Voc\u00ea fala sobre suas capacidades nuclares, mas as nossas s\u00e3o t\u00e3o enormes e poderosas que rezo a Deus para que nunca tenham de ser usadas&#8221;. Ele lamentou o fracasso do avan\u00e7o diplom\u00e1tico at\u00e9 ent\u00e3o:<\/p>\n<p>&#8220;Senti que um di\u00e1logo maravilhoso estava sendo constru\u00eddo entre mim e voc\u00ea e, no fim das contas, \u00e9 apenas o di\u00e1logo que importa&#8221;, disse Trump. &#8220;Algum dia, espero realmente te encontrar. Enquanto isso, quero agradec\u00ea-lo pela liberta\u00e7\u00e3o dos ref\u00e9ns que agora est\u00e3o em casa com suas fam\u00edlias. Foi um lindo gesto e muito apreciado&#8221;, acrescentou o americano, em refer\u00eancia aos tr\u00eas americanos que estavam presos na Coreia do Norte.<\/p>\n<p>Fonte: O Globo<\/p>\n","protected":false},"excerpt":{"rendered":"<p>O presidente dos Estados Unidos,\u00a0Donald Trump, enviou uma carta ao l\u00edder da\u00a0Coreia do Norte, Kim Jong-un, pedindo o cancelamento da reuni\u00e3o de c\u00fapula, prevista para&#8230;<\/p>\n","protected":false},"author":1182,"featured_media":21483,"comment_status":"closed","ping_status":"closed","sticky":false,"template":"","format":"standard","meta":{"footnotes":""},"categories":[6],"tags":[],"class_list":["post-26967","post","type-post","status-publish","format-standard","has-post-thumbnail","hentry","category-noticias"],"_links":{"self":[{"href":"https:\/\/www.sincomam.org.br\/index.php\/wp-json\/wp\/v2\/posts\/26967","targetHints":{"allow":["GET"]}}],"collection":[{"href":"https:\/\/www.sincomam.org.br\/index.php\/wp-json\/wp\/v2\/posts"}],"about":[{"href":"https:\/\/www.sincomam.org.br\/index.php\/wp-json\/wp\/v2\/types\/post"}],"author":[{"embeddable":true,"href":"https:\/\/www.sincomam.org.br\/index.php\/wp-json\/wp\/v2\/users\/1182"}],"replies":[{"embeddable":true,"href":"https:\/\/www.sincomam.org.br\/index.php\/wp-json\/wp\/v2\/comments?post=26967"}],"version-history":[{"count":1,"href":"https:\/\/www.sincomam.org.br\/index.php\/wp-json\/wp\/v2\/posts\/26967\/revisions"}],"predecessor-version":[{"id":26968,"href":"https:\/\/www.sincomam.org.br\/index.php\/wp-json\/wp\/v2\/posts\/26967\/revisions\/26968"}],"wp:featuredmedia":[{"embeddable":true,"href":"https:\/\/www.sincomam.org.br\/index.php\/wp-json\/wp\/v2\/media\/21483"}],"wp:attachment":[{"href":"https:\/\/www.sincomam.org.br\/index.php\/wp-json\/wp\/v2\/media?parent=26967"}],"wp:term":[{"taxonomy":"category","embeddable":true,"href":"https:\/\/www.sincomam.org.br\/index.php\/wp-json\/wp\/v2\/categories?post=26967"},{"taxonomy":"post_tag","embeddable":true,"href":"https:\/\/www.sincomam.org.br\/index.php\/wp-json\/wp\/v2\/tags?post=26967"}],"curies":[{"name":"wp","href":"https:\/\/api.w.org\/{rel}","templated":true}]}}