{"id":26965,"date":"2018-05-24T11:59:47","date_gmt":"2018-05-24T14:59:47","guid":{"rendered":"http:\/\/sincomam.org.br\/?p=26965"},"modified":"2018-05-24T11:59:47","modified_gmt":"2018-05-24T14:59:47","slug":"acoes-da-petrobras-despencam-mais-de-10","status":"publish","type":"post","link":"https:\/\/www.sincomam.org.br\/index.php\/acoes-da-petrobras-despencam-mais-de-10\/","title":{"rendered":"A\u00e7\u00f5es da Petrobras despencam mais de 10%"},"content":{"rendered":"<p><span>As a\u00e7\u00f5es da Petrobras abriram em queda de 13% nesta quinta-feira. O tombo reflete a decis\u00e3o da estatal de reduzir o pre\u00e7o do diesel em 10% e congelar o valor por 15 dias, anunciada ontem pelo presidente da Petrobras<\/span><span><span>. \u00c0s 11h15, os pap\u00e9is PN, preferenciais, sem direito a voto, operam em queda de 11,81% e as a\u00e7\u00f5es ON, ordin\u00e1rias, com direito a voto, t\u00eam baixa de 11,27%. A queda dos pap\u00e9is da estatal pressiona o Ibovespa, principal \u00edndice da Bolsa de Valores de S\u00e3o Paulo, que perdeu o patamar dos 80 mil pontos. O Ibovespa ca\u00eda 1,58%, aos 79.583,09 pontos.<br \/><\/span><\/span><\/p>\n<p>O analista Guilherme Fran\u00e7a Esquelbek, da Correparti, diz, em relat\u00f3rio, que o mercado seguir\u00e1 atento \u00e0s negocia\u00e7\u00f5es entre o governo e os caminhoneiros, que pode por fim \u00e0s paralisa\u00e7\u00f5es e reduzir o risco de um desabastecimento para a popula\u00e7\u00e3o.<\/p>\n<div class=\"teads-inread sm-screen\">\n<div class=\"teads-ui-components-adchoices\">Newton Rosa, economista-chefe da Sul Am\u00e9rica Investimentos, diz que o mal humor do mercado \u00e9 motivado pela \u201clamban\u00e7a\u201d do governo na tentativa de encontrar uma sa\u00edda para o impasse.<\/div>\n<\/div>\n<p>\u2014 H\u00e1 um ambiente bem ruim internamente, e que coloca em cheque a independ\u00eancia da Petrobras. \u00c9 o presidente da C\u00e2mara, Rodrigo Maia, tomando o lugar do ministro da Fazenda, dizendo que o deve ser cortado ou n\u00e3o. (&#8230;) E ficam d\u00favidas: Pedro Parente segue no cargo? O cen\u00e1rio amea\u00e7a outros integrantes da equipe econ\u00f4mica? \u2014 questiona Rosa.<\/p>\n<p>Analistas da XP Investimentos concordam que a independ\u00eancia da Petrobras frente ao governo foi questionada com o an\u00fancio de ontem.<\/p>\n<p>\u2014 A quest\u00e3o mais importante ser\u00e1 qual o novo n\u00edvel de pr\u00eamio dos pre\u00e7os dom\u00e9sticos de combust\u00edveis sobre os referencias internacionais a ser mantido pela empresa depois desta janela de 15 dias \u2014 dizem, em an\u00e1lise de mercado<\/p>\n<p>Fonte: G1<\/p>\n","protected":false},"excerpt":{"rendered":"<p>As a\u00e7\u00f5es da Petrobras abriram em queda de 13% nesta quinta-feira. O tombo reflete a decis\u00e3o da estatal de reduzir o pre\u00e7o do diesel em&#8230;<\/p>\n","protected":false},"author":1182,"featured_media":17800,"comment_status":"closed","ping_status":"closed","sticky":false,"template":"","format":"standard","meta":{"footnotes":""},"categories":[6],"tags":[],"class_list":["post-26965","post","type-post","status-publish","format-standard","has-post-thumbnail","hentry","category-noticias"],"_links":{"self":[{"href":"https:\/\/www.sincomam.org.br\/index.php\/wp-json\/wp\/v2\/posts\/26965","targetHints":{"allow":["GET"]}}],"collection":[{"href":"https:\/\/www.sincomam.org.br\/index.php\/wp-json\/wp\/v2\/posts"}],"about":[{"href":"https:\/\/www.sincomam.org.br\/index.php\/wp-json\/wp\/v2\/types\/post"}],"author":[{"embeddable":true,"href":"https:\/\/www.sincomam.org.br\/index.php\/wp-json\/wp\/v2\/users\/1182"}],"replies":[{"embeddable":true,"href":"https:\/\/www.sincomam.org.br\/index.php\/wp-json\/wp\/v2\/comments?post=26965"}],"version-history":[{"count":1,"href":"https:\/\/www.sincomam.org.br\/index.php\/wp-json\/wp\/v2\/posts\/26965\/revisions"}],"predecessor-version":[{"id":26966,"href":"https:\/\/www.sincomam.org.br\/index.php\/wp-json\/wp\/v2\/posts\/26965\/revisions\/26966"}],"wp:featuredmedia":[{"embeddable":true,"href":"https:\/\/www.sincomam.org.br\/index.php\/wp-json\/wp\/v2\/media\/17800"}],"wp:attachment":[{"href":"https:\/\/www.sincomam.org.br\/index.php\/wp-json\/wp\/v2\/media?parent=26965"}],"wp:term":[{"taxonomy":"category","embeddable":true,"href":"https:\/\/www.sincomam.org.br\/index.php\/wp-json\/wp\/v2\/categories?post=26965"},{"taxonomy":"post_tag","embeddable":true,"href":"https:\/\/www.sincomam.org.br\/index.php\/wp-json\/wp\/v2\/tags?post=26965"}],"curies":[{"name":"wp","href":"https:\/\/api.w.org\/{rel}","templated":true}]}}