{"id":26940,"date":"2018-05-22T00:36:21","date_gmt":"2018-05-22T03:36:21","guid":{"rendered":"http:\/\/sincomam.org.br\/?p=26940"},"modified":"2018-05-21T18:38:16","modified_gmt":"2018-05-21T21:38:16","slug":"dolar-alto-devera-ajudar-gigante-agricola-a-alcancar-receita-recorde","status":"publish","type":"post","link":"https:\/\/www.sincomam.org.br\/index.php\/dolar-alto-devera-ajudar-gigante-agricola-a-alcancar-receita-recorde\/","title":{"rendered":"D\u00f3lar alto dever\u00e1 ajudar gigante agr\u00edcola a alcan\u00e7ar receita recorde"},"content":{"rendered":"<p>A desvaloriza\u00e7\u00e3o do c\u00e2mbio deve contribuir para o resultado de empresas do agroneg\u00f3cio no Brasil. O d\u00f3lar bateu em R$ 3,77 na sexta-feira (18).<\/p>\n<p>Na Cargill, vai contribuir para um resultado recorde, segundo o diretor-presidente, Luiz Pretti. \u201cO d\u00f3lar mais alto ajuda no balan\u00e7o. Estimo que a receita alcance R$ 40 bilh\u00f5es pela primeira vez.\u201d\u00a0<\/p>\n<p>Se concretizada a previs\u00e3o, ser\u00e1 um aumento de 17% em rela\u00e7\u00e3o ao faturamento de 2017. \u201cA Cargill vai bem na volatilidade. Tem uma \u00e1rea de intelig\u00eancia e \u00e9 a \u00fanica a ter banco.\u201d<\/p>\n<p>\u00a0Os investimentos devem voltar a crescer no ano que vem. A estimativa \u00e9 que sejam aportados cerca de R$ 600 milh\u00f5es \u2014foram R$ 420 milh\u00f5es em 2017. Ser\u00e1 preciso ampliar alguns empreendimentos, como portos, que se aproximam de sua capacidade m\u00e1xima.\u00a0<\/p>\n<p>\u201cTraders\u201d, como a Cargill,\u00a0 s\u00e3o as principais beneficiadas pela valoriza\u00e7\u00e3o do d\u00f3lar porque contrataram a compra da produ\u00e7\u00e3o com a cota\u00e7\u00e3o mais baixa, e receber\u00e3o os gr\u00e3os com c\u00e2mbio alto, diz Andr\u00e9 Nasser, da Associa\u00e7\u00e3o de Empresas de \u00d3leos Vegetais.\u00a0<\/p>\n<p>A cadeia da soja tamb\u00e9m se beneficia da seca na Argentina, que far\u00e1 com que o pa\u00eds vizinho tenha uma safra ruim.\u00a0<\/p>\n<p>O pa\u00eds dever\u00e1 exportar 18% a mais em 2018, calcula Nasser. \u201cA grande raz\u00e3o da melhora de margem do setor no pa\u00eds tem a ver com a Argentina.\u201d<\/p>\n<p>N\u00e3o para a Cargill, diz Pretti. \u201c\u00c9 indiferente. Ajuda o segmento agro no pa\u00eds e prejudica tamb\u00e9m \u2014tem pre\u00e7o maior para venda, mas quem consome o produto processado precisar\u00e1 pagar mais.\u201d<\/p>\n<p>A empresa tamb\u00e9m tem produtos finais, lembra.<\/p>\n<p>Fonte: Folha SP<\/p>\n","protected":false},"excerpt":{"rendered":"<p>A desvaloriza\u00e7\u00e3o do c\u00e2mbio deve contribuir para o resultado de empresas do agroneg\u00f3cio no Brasil. O d\u00f3lar bateu em R$ 3,77 na sexta-feira (18). Na&#8230;<\/p>\n","protected":false},"author":1182,"featured_media":17894,"comment_status":"closed","ping_status":"closed","sticky":false,"template":"","format":"standard","meta":{"footnotes":""},"categories":[6],"tags":[],"class_list":["post-26940","post","type-post","status-publish","format-standard","has-post-thumbnail","hentry","category-noticias"],"_links":{"self":[{"href":"https:\/\/www.sincomam.org.br\/index.php\/wp-json\/wp\/v2\/posts\/26940","targetHints":{"allow":["GET"]}}],"collection":[{"href":"https:\/\/www.sincomam.org.br\/index.php\/wp-json\/wp\/v2\/posts"}],"about":[{"href":"https:\/\/www.sincomam.org.br\/index.php\/wp-json\/wp\/v2\/types\/post"}],"author":[{"embeddable":true,"href":"https:\/\/www.sincomam.org.br\/index.php\/wp-json\/wp\/v2\/users\/1182"}],"replies":[{"embeddable":true,"href":"https:\/\/www.sincomam.org.br\/index.php\/wp-json\/wp\/v2\/comments?post=26940"}],"version-history":[{"count":1,"href":"https:\/\/www.sincomam.org.br\/index.php\/wp-json\/wp\/v2\/posts\/26940\/revisions"}],"predecessor-version":[{"id":26941,"href":"https:\/\/www.sincomam.org.br\/index.php\/wp-json\/wp\/v2\/posts\/26940\/revisions\/26941"}],"wp:featuredmedia":[{"embeddable":true,"href":"https:\/\/www.sincomam.org.br\/index.php\/wp-json\/wp\/v2\/media\/17894"}],"wp:attachment":[{"href":"https:\/\/www.sincomam.org.br\/index.php\/wp-json\/wp\/v2\/media?parent=26940"}],"wp:term":[{"taxonomy":"category","embeddable":true,"href":"https:\/\/www.sincomam.org.br\/index.php\/wp-json\/wp\/v2\/categories?post=26940"},{"taxonomy":"post_tag","embeddable":true,"href":"https:\/\/www.sincomam.org.br\/index.php\/wp-json\/wp\/v2\/tags?post=26940"}],"curies":[{"name":"wp","href":"https:\/\/api.w.org\/{rel}","templated":true}]}}