{"id":26646,"date":"2018-04-20T00:15:29","date_gmt":"2018-04-20T03:15:29","guid":{"rendered":"http:\/\/www.sincomam.org.br\/?p=26646"},"modified":"2018-04-19T09:16:58","modified_gmt":"2018-04-19T12:16:58","slug":"policia-apreende-r-200-mil-em-dinheiro-em-enderecos-de-ex-secretaria-do-amazonas","status":"publish","type":"post","link":"https:\/\/www.sincomam.org.br\/index.php\/policia-apreende-r-200-mil-em-dinheiro-em-enderecos-de-ex-secretaria-do-amazonas\/","title":{"rendered":"Pol\u00edcia apreende R$ 200 mil em dinheiro em endere\u00e7os de ex-secret\u00e1ria do Amazonas"},"content":{"rendered":"<p>O Minist\u00e9rio P\u00fablico e a Pol\u00edcia do Amazonas apreenderam R$ 200 mil em dinheiro vivo durante buscas em tr\u00eas endere\u00e7os ligados \u00e0 ex-secret\u00e1ria de Infraestrutura do Estado Wald\u00edvia Alencar \u2013 presa nesta quarta-feira, 18, na Opera\u00e7\u00e3o Concreto Armado, que investiga fraudes em licita\u00e7\u00f5es e contratos da Pasta, entre 2009 e 2015.<\/p>\n<p>Os investigadores suspeitam que Wald\u00edvida enriqueceu no cargo. Ela teria desviado R$ 40 milh\u00f5es. A Concreto Armado foi deflagrada pelos promotores do Gaeco, bra\u00e7o do Minist\u00e9rio P\u00fablico Estadual que combate crime organizado.<\/p>\n<p>Os promotores j\u00e1 identificaram pelo menos 23 im\u00f3veis, inclusive mans\u00f5es, avaliados em mais de R$ 11 milh\u00f5es, em nome de Wald\u00edvia e seus filhos. Planilhas apreendidas pela for\u00e7a-tarefa indicam que o patrim\u00f4nio oculto da ex-secret\u00e1ria pode chegar a 40 im\u00f3veis.<\/p>\n<div id=\"admateria2\" data-google-query-id=\"CILeo96nxtoCFQMahgod44UCjw\">\n<p>A defesa de Wald\u00edvia reagiu enfaticamente \u00e0s acusa\u00e7\u00f5es e afirmou, \u00e0 imprensa de Manaus, que ela n\u00e3o desviou recursos p\u00fablicos. A ex-secret\u00e1ria j\u00e1 vem prestando esclarecimentos \u00e0 Justi\u00e7a e tamb\u00e9m ao Tribunal de Contas do Estado, sempre que intimada, disse sua defesa \u00e0 imprensa local. A pris\u00e3o de Wald\u00edvia tem car\u00e1ter tempor\u00e1rio, por cinco dias.<\/p>\n<p>Influente, Wald\u00edvia passou por tr\u00eas governos no Amazonas \u2013 Omar Aziz, Jose Melo e Eduardo Braga. O Minist\u00e9rio P\u00fablico Estadual rastreia os im\u00f3veis atribu\u00eddos a ela espalhados em v\u00e1rios Estados.<\/p>\n<p>Segundo os promotores do Gaeco do Amazonas, a Opera\u00e7\u00e3o Concreto Armado mira uma suposta organiza\u00e7\u00e3o criminosa que se instalou na Secretaria de infraestrutura no per\u00edodo em que Wald\u00edvia chefiou a pasta.<\/p>\n<p>Diversas apura\u00e7\u00f5es do Tribunal de Contas do Estado d\u00e3o conta da n\u00e3o execu\u00e7\u00e3o de obras e superfaturamentos de contratos em valores que atingem R$ 25 milh\u00f5es.<\/p>\n<p>Segundo dados do Conselho de Controle de Atividades Financeiras (Coaf) \u2013 \u00f3rg\u00e3o do Minist\u00e9rio da Fazenda que fiscaliza transa\u00e7\u00f5es em dinheiro \u2013 Wald\u00edvia fez saques de R$ 1,4 milh\u00e3o em um per\u00edodo de tr\u00eas anos.<\/p>\n<\/div>\n","protected":false},"excerpt":{"rendered":"<p>O Minist\u00e9rio P\u00fablico e a Pol\u00edcia do Amazonas apreenderam R$ 200 mil em dinheiro vivo durante buscas em tr\u00eas endere\u00e7os ligados \u00e0 ex-secret\u00e1ria de Infraestrutura&#8230;<\/p>\n","protected":false},"author":1182,"featured_media":11211,"comment_status":"closed","ping_status":"closed","sticky":false,"template":"","format":"standard","meta":{"footnotes":""},"categories":[6],"tags":[],"class_list":["post-26646","post","type-post","status-publish","format-standard","has-post-thumbnail","hentry","category-noticias"],"_links":{"self":[{"href":"https:\/\/www.sincomam.org.br\/index.php\/wp-json\/wp\/v2\/posts\/26646","targetHints":{"allow":["GET"]}}],"collection":[{"href":"https:\/\/www.sincomam.org.br\/index.php\/wp-json\/wp\/v2\/posts"}],"about":[{"href":"https:\/\/www.sincomam.org.br\/index.php\/wp-json\/wp\/v2\/types\/post"}],"author":[{"embeddable":true,"href":"https:\/\/www.sincomam.org.br\/index.php\/wp-json\/wp\/v2\/users\/1182"}],"replies":[{"embeddable":true,"href":"https:\/\/www.sincomam.org.br\/index.php\/wp-json\/wp\/v2\/comments?post=26646"}],"version-history":[{"count":1,"href":"https:\/\/www.sincomam.org.br\/index.php\/wp-json\/wp\/v2\/posts\/26646\/revisions"}],"predecessor-version":[{"id":26647,"href":"https:\/\/www.sincomam.org.br\/index.php\/wp-json\/wp\/v2\/posts\/26646\/revisions\/26647"}],"wp:featuredmedia":[{"embeddable":true,"href":"https:\/\/www.sincomam.org.br\/index.php\/wp-json\/wp\/v2\/media\/11211"}],"wp:attachment":[{"href":"https:\/\/www.sincomam.org.br\/index.php\/wp-json\/wp\/v2\/media?parent=26646"}],"wp:term":[{"taxonomy":"category","embeddable":true,"href":"https:\/\/www.sincomam.org.br\/index.php\/wp-json\/wp\/v2\/categories?post=26646"},{"taxonomy":"post_tag","embeddable":true,"href":"https:\/\/www.sincomam.org.br\/index.php\/wp-json\/wp\/v2\/tags?post=26646"}],"curies":[{"name":"wp","href":"https:\/\/api.w.org\/{rel}","templated":true}]}}