{"id":26634,"date":"2018-04-19T09:07:45","date_gmt":"2018-04-19T12:07:45","guid":{"rendered":"http:\/\/www.sincomam.org.br\/?p=26634"},"modified":"2018-04-19T09:07:45","modified_gmt":"2018-04-19T12:07:45","slug":"dolar-fecha-em-baixa-de-087-cotado-a-r-33807","status":"publish","type":"post","link":"https:\/\/www.sincomam.org.br\/index.php\/dolar-fecha-em-baixa-de-087-cotado-a-r-33807\/","title":{"rendered":"D\u00f3lar fecha em baixa de 0,87%, cotado a R$ 3,3807"},"content":{"rendered":"<p>O d\u00f3lar \u00e0 vista fechou em queda de 0,87% nesta quarta-feira 18, cotado a R$ 3,3807, distanciando-se dos R$ 3,40. Na m\u00ednima do dia, a moeda foi vendido a R$ 3,3736 (-1,08%). O petr\u00f3leo WTI teve alta de 2,93%, ap\u00f3s o governo americano apontar redu\u00e7\u00e3o em seus estoques al\u00e9m do esperado pelo mercado.<\/p>\n<div id=\"aep-placement-5a0da350e9141e0004b74e2b\" class=\" aep-inline aep-root aep-ads aep-design-5a0a04d51424300004e98f48\">\n<div id=\"istoe-inline-879x284\" adm-controller=\"Pushdown\">\n<div class=\"adm-header\">\n<p>De acordo com um gestor de banco, o mercado identificou realiza\u00e7\u00e3o de lucros hoje, mas o comportamento do d\u00f3lar em rela\u00e7\u00e3o ao real foi semelhante ao que a moeda apresentou em rela\u00e7\u00e3o a outras de pa\u00edses emergentes. Ele tamb\u00e9m destacou, por\u00e9m, que esses preg\u00f5es tamb\u00e9m n\u00e3o estavam com grande liquidez.<\/p>\n<p>O especialista ressaltou que os dados de fluxo financeiro, divulgados \u00e0s 12h30, tamb\u00e9m deram uma sensa\u00e7\u00e3o de \u201cmelhora de clima\u201d para o c\u00e2mbio. Segundo o BC, entre os dias 9 e 13 de abril, o fluxo cambial ficou positivo em US$ 3,050 bilh\u00f5es, sendo US$ 1,449 bilh\u00e3o no fluxo comercial e US$ 1,601 bilh\u00e3o no financeiro.<\/p>\n<p>Diante da falta de not\u00edcias mais relevantes, os investidores resolveram hoje repensar a rela\u00e7\u00e3o com a eventual candidatura do ex-ministro do Supremo Tribunal Federal (STF) Joaquim Barbosa. H\u00e1 alguns dias, o mercado chegou a ficar relutante com uma poss\u00edvel chapa Barbosa-Marina. Mas, agora, come\u00e7ou a esbo\u00e7ar uma vis\u00e3o \u201cum pouco mais positiva\u201d, como definiu um operador, de que Barbosa n\u00e3o representaria exatamente uma \u201cguinada \u00e0 esquerda\u201d \u2013 embora tamb\u00e9m n\u00e3o seja um reformista \u201ca la Alckmin\u201d, ainda o \u201cpreferido\u201d do mercado. O colunista do Broadcast F\u00e1bio Alves destacou que a escolha do economista de Barbosa ser\u00e1 acompanhada com lupa pelo mercado. \u201cO nome \u00e9 Paulo Hartung\u201d, cravou um renomado economista brasileiro a esta coluna, escreveu Alves. Hartung (MDB) \u00e9 o atual governador do Esp\u00edrito Santo e amplamente conhecido como um pol\u00edtico de perfil fiscalista \u2013 na \u00faltima entrevista de Barbosa, concedida ao jornal Valor Econ\u00f4mico ano passado, Barbosa citou Hartung.<\/p>\n<p>Na reta final do preg\u00e3o, o presidente do Banco Central, Ilan Goldfajn, durante discurso em reuni\u00e3o no FMI, voltou a falar sobre o c\u00e2mbio. Ele lembrou que o regime de c\u00e2mbio flutuante n\u00e3o evita que o BC use instrumentos para conter a volatilidade excessiva. Reafirmou que o Pa\u00eds tem US$ 380 bilh\u00f5es em reservas, que funcionam como seguro para per\u00edodos de turbul\u00eancia no mercado. E disse, ainda, que o sistema financeiro e o setor corporativo est\u00e3o resilientes a flutua\u00e7\u00f5es do c\u00e2mbio.<\/p>\n<\/div>\n<\/div>\n<\/div>\n","protected":false},"excerpt":{"rendered":"<p>O d\u00f3lar \u00e0 vista fechou em queda de 0,87% nesta quarta-feira 18, cotado a R$ 3,3807, distanciando-se dos R$ 3,40. Na m\u00ednima do dia, a&#8230;<\/p>\n","protected":false},"author":1182,"featured_media":18708,"comment_status":"closed","ping_status":"closed","sticky":false,"template":"","format":"standard","meta":{"footnotes":""},"categories":[6],"tags":[],"class_list":["post-26634","post","type-post","status-publish","format-standard","has-post-thumbnail","hentry","category-noticias"],"_links":{"self":[{"href":"https:\/\/www.sincomam.org.br\/index.php\/wp-json\/wp\/v2\/posts\/26634","targetHints":{"allow":["GET"]}}],"collection":[{"href":"https:\/\/www.sincomam.org.br\/index.php\/wp-json\/wp\/v2\/posts"}],"about":[{"href":"https:\/\/www.sincomam.org.br\/index.php\/wp-json\/wp\/v2\/types\/post"}],"author":[{"embeddable":true,"href":"https:\/\/www.sincomam.org.br\/index.php\/wp-json\/wp\/v2\/users\/1182"}],"replies":[{"embeddable":true,"href":"https:\/\/www.sincomam.org.br\/index.php\/wp-json\/wp\/v2\/comments?post=26634"}],"version-history":[{"count":1,"href":"https:\/\/www.sincomam.org.br\/index.php\/wp-json\/wp\/v2\/posts\/26634\/revisions"}],"predecessor-version":[{"id":26635,"href":"https:\/\/www.sincomam.org.br\/index.php\/wp-json\/wp\/v2\/posts\/26634\/revisions\/26635"}],"wp:featuredmedia":[{"embeddable":true,"href":"https:\/\/www.sincomam.org.br\/index.php\/wp-json\/wp\/v2\/media\/18708"}],"wp:attachment":[{"href":"https:\/\/www.sincomam.org.br\/index.php\/wp-json\/wp\/v2\/media?parent=26634"}],"wp:term":[{"taxonomy":"category","embeddable":true,"href":"https:\/\/www.sincomam.org.br\/index.php\/wp-json\/wp\/v2\/categories?post=26634"},{"taxonomy":"post_tag","embeddable":true,"href":"https:\/\/www.sincomam.org.br\/index.php\/wp-json\/wp\/v2\/tags?post=26634"}],"curies":[{"name":"wp","href":"https:\/\/api.w.org\/{rel}","templated":true}]}}