{"id":26630,"date":"2018-04-19T09:05:06","date_gmt":"2018-04-19T12:05:06","guid":{"rendered":"http:\/\/www.sincomam.org.br\/?p=26630"},"modified":"2018-04-19T09:05:06","modified_gmt":"2018-04-19T12:05:06","slug":"apos-pedido-de-impeachment-randolfe-diz-que-ha-fatos-novos-e-que-temer-mentiu","status":"publish","type":"post","link":"https:\/\/www.sincomam.org.br\/index.php\/apos-pedido-de-impeachment-randolfe-diz-que-ha-fatos-novos-e-que-temer-mentiu\/","title":{"rendered":"Ap\u00f3s pedido de impeachment, Randolfe diz que h\u00e1 fatos novos e que Temer mentiu"},"content":{"rendered":"<p>O senador Randolfe Rodrigues (Rede-AP) afirmou, nesta quarta-feira, 18, que o presidente Michel Temer \u201cofendeu atribui\u00e7\u00f5es inerentes ao cargo e seu compromisso com probidade e moralidade administrativa\u201d ao dizer que n\u00e3o utilizou recursos de caixa 2 em sua campanha a vice-presidente, em 2014, e negar transa\u00e7\u00f5es comerciais com coronel Jo\u00e3o Baptista Lima Filho, seu amigo. Para Randolfe, as declara\u00e7\u00f5es representam \u201cmentiras expl\u00edcitas\u201d e Temer deve responder por crime de responsabilidade.<\/p>\n<p>\u201cAgora tem um fato novo\u2026 Para esse pedido de impeachment tem o depoimento do presidente da Rep\u00fablica, que tem o dever de falar a verdade.\u201d Randolfe avalia que a pris\u00e3o preventiva de parte dos amigos de Temer, no final de mar\u00e7o, demonstra que recursos de caixa 2 e de propina foram destinados para a constru\u00e7\u00e3o de bens pessoais particulares da fam\u00edlia do presidente, fatos negados anteriormente por ele. \u201cIsso contradiz flagrantemente depoimento do presidente\u201d, considera o senador.<\/p>\n<p>Nesta quarta-feira, 18, Randolfe protocolou pedido de impeachment contra o presidente Temer na C\u00e2mara. Cabe ao presidente da Casa, Rodrigo Maia (DEM-RJ), decidir se recebe ou n\u00e3o o pedido. Se for aceito, tem in\u00edcio o andamento da den\u00fancia em uma comiss\u00e3o especial. Depois ainda tem que passar pelos plen\u00e1rios da C\u00e2mara e do Senado.<\/p>\n<div id=\"admateria2\" data-google-query-id=\"COaUo6ilxtoCFcMchwodsCYJYQ\">\n<p>\u201cCaber\u00e1 ao presidente Rodrigo Maia responder se uma mentira por parte de um mais alto mandat\u00e1rio, em depoimento judicial, em uma investiga\u00e7\u00e3o policial, \u00e9 ou n\u00e3o crime de responsabilidade. Para mim e para a Rede isso configura crime de responsabilidade expl\u00edcito por parte do presidente e fere de morte os seus deveres\u201d, disse Randolfe ap\u00f3s protocolar o pedido.<\/p>\n<p>Uma das justificativas da den\u00fancia popular \u00e9 a reforma e amplia\u00e7\u00e3o realizada na casa de uma das filhas do presidente, Maristela, que teria sido paga em dinheiro vivo pela mulher do coronel Lima Filho. A Pol\u00edcia Federal investiga se a obra foi bancada com dinheiro de propina da JBS. Lima Filho foi preso por tr\u00eas dias no final de mar\u00e7o, alvo da opera\u00e7\u00e3o Skala, e sua esposa foi intimada a depor na mesma opera\u00e7\u00e3o.<\/p>\n<p>Esta n\u00e3o \u00e9 a primeira vez que Temer \u00e9 denunciado por crime de responsabilidade na C\u00e2mara. Ele possui 27 pedidos de impeachment protocolados na Casa. Em 2016, ap\u00f3s decis\u00e3o judicial, Rodrigo Maia aceitou den\u00fancia do advogado Mariel Marley Marra contra o ent\u00e3o vice-presidente alegando que ele cometeu os mesmos crimes da ex-presidente Dilma Rousseff.<\/p>\n<p>Embora a comiss\u00e3o tenha sido criada, ap\u00f3s decis\u00e3o do Supremo Tribunal Federal (STF), ela n\u00e3o foi instalada at\u00e9 hoje por falta de vontade pol\u00edtica. Sem as indica\u00e7\u00f5es dos l\u00edderes governistas, o colegiado n\u00e3o possui membros suficientes para come\u00e7ar os trabalhos.<\/p>\n<p><ins class=\"adsbygoogle\" data-ad-layout=\"in-article\" data-ad-format=\"fluid\" data-ad-client=\"ca-pub-4663753467999594\" data-ad-slot=\"2453711447\" data-adsbygoogle-status=\"done\"><ins id=\"aswift_0_expand\"><\/ins><\/ins>Fonte: Folha de SP<\/p>\n<\/div>\n","protected":false},"excerpt":{"rendered":"<p>O senador Randolfe Rodrigues (Rede-AP) afirmou, nesta quarta-feira, 18, que o presidente Michel Temer \u201cofendeu atribui\u00e7\u00f5es inerentes ao cargo e seu compromisso com probidade e&#8230;<\/p>\n","protected":false},"author":1182,"featured_media":18922,"comment_status":"closed","ping_status":"closed","sticky":false,"template":"","format":"standard","meta":{"footnotes":""},"categories":[6],"tags":[],"class_list":["post-26630","post","type-post","status-publish","format-standard","has-post-thumbnail","hentry","category-noticias"],"_links":{"self":[{"href":"https:\/\/www.sincomam.org.br\/index.php\/wp-json\/wp\/v2\/posts\/26630","targetHints":{"allow":["GET"]}}],"collection":[{"href":"https:\/\/www.sincomam.org.br\/index.php\/wp-json\/wp\/v2\/posts"}],"about":[{"href":"https:\/\/www.sincomam.org.br\/index.php\/wp-json\/wp\/v2\/types\/post"}],"author":[{"embeddable":true,"href":"https:\/\/www.sincomam.org.br\/index.php\/wp-json\/wp\/v2\/users\/1182"}],"replies":[{"embeddable":true,"href":"https:\/\/www.sincomam.org.br\/index.php\/wp-json\/wp\/v2\/comments?post=26630"}],"version-history":[{"count":1,"href":"https:\/\/www.sincomam.org.br\/index.php\/wp-json\/wp\/v2\/posts\/26630\/revisions"}],"predecessor-version":[{"id":26631,"href":"https:\/\/www.sincomam.org.br\/index.php\/wp-json\/wp\/v2\/posts\/26630\/revisions\/26631"}],"wp:featuredmedia":[{"embeddable":true,"href":"https:\/\/www.sincomam.org.br\/index.php\/wp-json\/wp\/v2\/media\/18922"}],"wp:attachment":[{"href":"https:\/\/www.sincomam.org.br\/index.php\/wp-json\/wp\/v2\/media?parent=26630"}],"wp:term":[{"taxonomy":"category","embeddable":true,"href":"https:\/\/www.sincomam.org.br\/index.php\/wp-json\/wp\/v2\/categories?post=26630"},{"taxonomy":"post_tag","embeddable":true,"href":"https:\/\/www.sincomam.org.br\/index.php\/wp-json\/wp\/v2\/tags?post=26630"}],"curies":[{"name":"wp","href":"https:\/\/api.w.org\/{rel}","templated":true}]}}